{"id":138386,"date":"2023-04-16T11:32:39","date_gmt":"2023-04-16T14:32:39","guid":{"rendered":"http:\/\/centraldeportes.com.ar\/?p=33902"},"modified":"2025-02-11T16:15:18","modified_gmt":"2025-02-11T19:15:18","slug":"veteranos-la-7-fecha-tambien-paso-con-muchos-goles","status":"publish","type":"post","link":"https:\/\/cdnoticias.com\/index.php\/2023\/04\/16\/veteranos-la-7-fecha-tambien-paso-con-muchos-goles\/","title":{"rendered":"Veteranos: la 7\u00b0 fecha tambi\u00e9n pas\u00f3 con muchos goles"},"content":{"rendered":"<p>El F\u00fatbol Olavarriense S\u00e9nior complet\u00f3 la 7\u00b0 fecha del Torneo Apertura \u201cMemorial Ra\u00fal Bricka\u201d y como en cada jornada, hubo goles en todos los partidos.<!--more--><\/p>\n<hr \/>\n<p>Cinco escenarios recibieron los 15 partidos programados para el transcurso del s\u00e1bado en las tres categor\u00edas.<\/p>\n<p>&nbsp;<\/p>\n<p>Los resultados:<\/p>\n<p>&nbsp;<\/p>\n<p>+42:<\/p>\n<p>Mariano Moreno 1 (Miguel Prevostini) \u2013 3 (Gerardo Garc\u00eda, Jorge Montenegro, Jos\u00e9 Mend\u00eda) Loma Negra<\/p>\n<p>El Provincial 2 (Marcos Mengarelli, Andr\u00e9s Sibiglia) \u2013 4 (Pablo Burghini, Pablo Calder\u00f3n, Alejandro Ducca, Gast\u00f3n Sacchi) Deportivo Fran<\/p>\n<p>Hinojo 0 \u2013 1 (Pablo Espaldet) Pe\u00f1a de Boca<\/p>\n<p>La Candela 2 (\u00c1lvaro Gonz\u00e1lez, Mauricio Vendeirinho) \u2013 0 Mariano Moreno<\/p>\n<p>Molino Viejo 0 \u2013 4 (Pablo Beltramella, Cristian Cavalleri -2-, Diego Gonz\u00e1lez) El Fort\u00edn<\/p>\n<p>Municipales 4 (Marcelo Acu\u00f1a, Mat\u00edas Alonso -3-) \u2013 1 (Luciano Bilbao) Le\u00f3n Serrano<\/p>\n<p>Pueblo Nuevo 0 \u2013 4 (Carlos Clark, C\u00e9sar Fernando, Pablo Mangiafesta, Maximiliano Mazzei) Deportivo Olavarr\u00eda<\/p>\n<p>&nbsp;<\/p>\n<p>+50:<\/p>\n<p>4 de Octubre 3 (Sergio Aury, Claudio Guille, Osvaldo Trenstesjak) \u2013 1 (Luis Cornejo) Sacchi O. Viales<\/p>\n<p>El Fort\u00edn 0 \u2013 4 (Fabi\u00e1n Galman, Roberto Guti\u00e9rrez, Fabi\u00e1n Lima, Ricardo Pender) Independiente Chillar<\/p>\n<p>Carboneros 4 (Gustavo Durdos, Fernando Messineo, Carlos Pedroso, Hern\u00e1n Soraiz) \u2013 0 Mariano Moreno<\/p>\n<p>Espigas 2 (Claudio Coumeig -2-) \u2013 0 La Amistad<\/p>\n<p>Loma Negra 1 (Sandro Gonz\u00e1lez) \u2013 1 (Carlos Cucaresse) Agrupaci\u00f3n Malvinas<\/p>\n<p>Libre: Los Robles<\/p>\n<p>&nbsp;<\/p>\n<p>+56:<\/p>\n<p>Independiente VAF 2 (Ricardo Paredes, Marcelo Santell\u00e1n) \u2013 1 (Rub\u00e9n Salvareschi) Hinojo<\/p>\n<p>Racing 2 (Marcelo Arata, Juan Ciuffetelli) \u2013 0 Estudiantes<\/p>\n<p>Ferro 1 (Juan Vivas) \u2013 0 La Amistad<\/p>\n","protected":false},"excerpt":{"rendered":"<p>El F\u00fatbol Olavarriense S\u00e9nior complet\u00f3 la 7\u00b0 fecha del Torneo Apertura \u201cMemorial Ra\u00fal Bricka\u201d y como en cada jornada, hubo<\/p>\n","protected":false},"author":96739694,"featured_media":154667,"comment_status":"closed","ping_status":"closed","sticky":false,"template":"","format":"standard","meta":{"_jetpack_memberships_contains_paid_content":false,"footnotes":""},"categories":[35,1,50],"tags":[],"class_list":["post-138386","post","type-post","status-publish","format-standard","has-post-thumbnail","hentry","category-futbol","category-portada","category-veteranos"],"jetpack_featured_media_url":"https:\/\/i0.wp.com\/cdnoticias.com\/wp-content\/uploads\/2023\/04\/Photo_1681632188531.jpg?fit=1600%2C1066&ssl=1","jetpack_sharing_enabled":true,"_links":{"self":[{"href":"https:\/\/cdnoticias.com\/index.php\/wp-json\/wp\/v2\/posts\/138386","targetHints":{"allow":["GET"]}}],"collection":[{"href":"https:\/\/cdnoticias.com\/index.php\/wp-json\/wp\/v2\/posts"}],"about":[{"href":"https:\/\/cdnoticias.com\/index.php\/wp-json\/wp\/v2\/types\/post"}],"author":[{"embeddable":true,"href":"https:\/\/cdnoticias.com\/index.php\/wp-json\/wp\/v2\/users\/96739694"}],"replies":[{"embeddable":true,"href":"https:\/\/cdnoticias.com\/index.php\/wp-json\/wp\/v2\/comments?post=138386"}],"version-history":[{"count":0,"href":"https:\/\/cdnoticias.com\/index.php\/wp-json\/wp\/v2\/posts\/138386\/revisions"}],"wp:featuredmedia":[{"embeddable":true,"href":"https:\/\/cdnoticias.com\/index.php\/wp-json\/wp\/v2\/media\/154667"}],"wp:attachment":[{"href":"https:\/\/cdnoticias.com\/index.php\/wp-json\/wp\/v2\/media?parent=138386"}],"wp:term":[{"taxonomy":"category","embeddable":true,"href":"https:\/\/cdnoticias.com\/index.php\/wp-json\/wp\/v2\/categories?post=138386"},{"taxonomy":"post_tag","embeddable":true,"href":"https:\/\/cdnoticias.com\/index.php\/wp-json\/wp\/v2\/tags?post=138386"}],"curies":[{"name":"wp","href":"https:\/\/api.w.org\/{rel}","templated":true}]}}