{"id":138363,"date":"2023-04-13T18:05:28","date_gmt":"2023-04-13T21:05:28","guid":{"rendered":"http:\/\/centraldeportes.com.ar\/?p=33750"},"modified":"2025-02-11T15:15:43","modified_gmt":"2025-02-11T18:15:43","slug":"ale-diez-fue-la-figura-de-la-clasificacion-remera-a-la-postemporada","status":"publish","type":"post","link":"https:\/\/cdnoticias.com\/index.php\/2023\/04\/13\/ale-diez-fue-la-figura-de-la-clasificacion-remera-a-la-postemporada\/","title":{"rendered":"\u201cAle\u201d Diez fue la figura de la clasificaci\u00f3n \u201cRemera\u201d a la postemporada"},"content":{"rendered":"<p>Regatas gan\u00f3 y estar\u00e1 en Playoffs por 19\u00b0 temporada consecutiva en La Liga Nacional. Alejandro Diez fue la figura del \u201cRemero\u201d que consigui\u00f3 una dur\u00edsima victoria sobre Independiente de Oliva por 78-77.<!--more--><\/p>\n<hr \/>\n<p>El \u201cFantasma\u201d se asegur\u00f3 su presencia en Playoffs en un juego que se dividi\u00f3 en dos partes bien marcadas, con un primer tiempo muy bueno de la visita, donde manej\u00f3 los hilos del encuentro y un segundo tiempo que tuvo un gran tercer cuarto del Fantasma de la mano del ala-pivot olavarriense para hacer el quiebre y a partir de all\u00ed mantener la ventaja hasta el final.<\/p>\n<p>&nbsp;<\/p>\n<p>Tras el buen tercer cuarto las cosas cambiaron en el juego y el Remero empez\u00f3 a encontrar mayor volumen de juego con Alejandro Diez como principal arma anotadora y el due\u00f1o de casa empez\u00f3 a despegarse mostrando adem\u00e1s una f\u00e9rrea defensa.<\/p>\n<p>&nbsp;<\/p>\n<p>Con el triunfo Regatas Corrientes alcanz\u00f3 el n\u00famero 21 en la temporada y se asegur\u00f3 su lugar en playoffs por 19\u00b0 temporada consecutiva (todas las que disput\u00f3 de LNB). Ahora buscar\u00e1 mantener la racha de tres victorias en fila para mantenerse lo m\u00e1s arriba que pueda de cara a la reclasificaci\u00f3n cuando reciba a Ol\u00edmpico de La Banda el domingo.<\/p>\n<p>&nbsp;<\/p>\n<p>Alejandro Diez que alcanz\u00f3 su partido 917 en la \u00e9lite del b\u00e1squet nacional y ocupa el 7\u00b0 lugar de la tabla hist\u00f3rica de presencias, termin\u00f3 el partido con 21 puntos, 5 rebotes y 27 de valoraci\u00f3n en 25:41 minutos en cancha.<\/p>\n","protected":false},"excerpt":{"rendered":"<p>Regatas gan\u00f3 y estar\u00e1 en Playoffs por 19\u00b0 temporada consecutiva en La Liga Nacional. Alejandro Diez fue la figura del<\/p>\n","protected":false},"author":96739694,"featured_media":154584,"comment_status":"closed","ping_status":"closed","sticky":false,"template":"","format":"standard","meta":{"_jetpack_memberships_contains_paid_content":false,"footnotes":""},"categories":[31,36,1],"tags":[],"class_list":["post-138363","post","type-post","status-publish","format-standard","has-post-thumbnail","hentry","category-basquet","category-liga-nacional","category-portada"],"jetpack_featured_media_url":"https:\/\/i0.wp.com\/cdnoticias.com\/wp-content\/uploads\/2023\/04\/rgollnb23124__16_-scaled.jpg?fit=2560%2C1707&ssl=1","jetpack_sharing_enabled":true,"_links":{"self":[{"href":"https:\/\/cdnoticias.com\/index.php\/wp-json\/wp\/v2\/posts\/138363","targetHints":{"allow":["GET"]}}],"collection":[{"href":"https:\/\/cdnoticias.com\/index.php\/wp-json\/wp\/v2\/posts"}],"about":[{"href":"https:\/\/cdnoticias.com\/index.php\/wp-json\/wp\/v2\/types\/post"}],"author":[{"embeddable":true,"href":"https:\/\/cdnoticias.com\/index.php\/wp-json\/wp\/v2\/users\/96739694"}],"replies":[{"embeddable":true,"href":"https:\/\/cdnoticias.com\/index.php\/wp-json\/wp\/v2\/comments?post=138363"}],"version-history":[{"count":0,"href":"https:\/\/cdnoticias.com\/index.php\/wp-json\/wp\/v2\/posts\/138363\/revisions"}],"wp:featuredmedia":[{"embeddable":true,"href":"https:\/\/cdnoticias.com\/index.php\/wp-json\/wp\/v2\/media\/154584"}],"wp:attachment":[{"href":"https:\/\/cdnoticias.com\/index.php\/wp-json\/wp\/v2\/media?parent=138363"}],"wp:term":[{"taxonomy":"category","embeddable":true,"href":"https:\/\/cdnoticias.com\/index.php\/wp-json\/wp\/v2\/categories?post=138363"},{"taxonomy":"post_tag","embeddable":true,"href":"https:\/\/cdnoticias.com\/index.php\/wp-json\/wp\/v2\/tags?post=138363"}],"curies":[{"name":"wp","href":"https:\/\/api.w.org\/{rel}","templated":true}]}}