{"id":138350,"date":"2023-04-12T00:26:06","date_gmt":"2023-04-12T03:26:06","guid":{"rendered":"http:\/\/centraldeportes.com.ar\/?p=33663"},"modified":"2025-02-11T15:12:21","modified_gmt":"2025-02-11T18:12:21","slug":"racing-convoco-a-sus-socios-y-realizo-la-asamblea-general-ordinaria","status":"publish","type":"post","link":"https:\/\/cdnoticias.com\/index.php\/2023\/04\/12\/racing-convoco-a-sus-socios-y-realizo-la-asamblea-general-ordinaria\/","title":{"rendered":"Racing convoc\u00f3 a sus socios y realiz\u00f3 la Asamblea General Ordinaria"},"content":{"rendered":"<p>La reuni\u00f3n se llev\u00f3 a cabo en la tarde noche de este martes en la secretar\u00eda del club, se mantuvieron cargos dentro de la Comisi\u00f3n Directiva y Mario Giacomaso seguir\u00e1 siendo el presidente de la instituci\u00f3n &#8220;Chaira&#8221;.<!--more--><\/p>\n<hr \/>\n<p>A d\u00edas de celebrar su aniversario 107, la instituci\u00f3n de<strong> la \u201cEstrellita\u201d convoc\u00f3 a sus socios en el atardecer de este martes y llev\u00f3 adelante la Asamblea General Ordinaria<\/strong>.<\/p>\n<p>&nbsp;<\/p>\n<p>Encabezada por el presidente, <strong>Mario Giacomaso<\/strong>, la cita cont\u00f3 con la participaci\u00f3n de un buen n\u00famero de afiliados y <strong>tuvo lugar en el hall de la secretar\u00eda del club<\/strong> donde se trataron varios puntos.<\/p>\n<p>&nbsp;<\/p>\n<p>En primer lugar, se leyeron las memorias institucionales para dar a conocer los trabajos ejecutados por la entidad y cada una de las disciplinas que la conforman y <strong>se dio a conocer el balance anual de la gesti\u00f3n<\/strong>. Adem\u00e1s,<strong> se aprob\u00f3 en conjunto el aumento del valor de la cuota social<\/strong>.<\/p>\n<p>&nbsp;<\/p>\n<p>A su vez, en com\u00fan acuerdo con los asociados, <strong>la Comisi\u00f3n \u201cChaira\u201d dio luz verde en el proyecto de cambiar el piso de la cancha auxiliar a c\u00e9sped sint\u00e9tico, con la instalaci\u00f3n de nuevas luminarias y la construcci\u00f3n de vestuarios<\/strong>.<\/p>\n<p>&nbsp;<\/p>\n<p>Por \u00faltimo se defini\u00f3 la\u00a0<strong>Comisi\u00f3n Directiva<\/strong> que qued\u00f3 de la siguiente manera:<\/p>\n<p>&nbsp;<\/p>\n<p>Presidente: <strong>Mario Giacomaso<\/strong>.<\/p>\n<p>Vicepresidente: <strong>Roberto Ciuffetelli<\/strong>.<\/p>\n<p>Vice 1\u00b0: <strong>Hugo Fayan\u00e1s<\/strong>.<\/p>\n<p>Secretaria: <strong>Mirta Croce<\/strong>.<\/p>\n<p>Prosecretaria: <strong>Ana Manzur<\/strong>.<\/p>\n<p>Tesorera: <strong>Lorena Lindner<\/strong>.<\/p>\n<p>Protesorero: <strong>Julio Picazo<\/strong>.<\/p>\n<p>&nbsp;<\/p>\n<p><em><strong>Fuente: Prensa Racing.<\/strong><\/em><\/p>\n","protected":false},"excerpt":{"rendered":"<p>La reuni\u00f3n se llev\u00f3 a cabo en la tarde noche de este martes en la secretar\u00eda del club, se mantuvieron<\/p>\n","protected":false},"author":96739694,"featured_media":154496,"comment_status":"closed","ping_status":"closed","sticky":false,"template":"","format":"standard","meta":{"_jetpack_memberships_contains_paid_content":false,"footnotes":""},"categories":[30,1],"tags":[],"class_list":["post-138350","post","type-post","status-publish","format-standard","has-post-thumbnail","hentry","category-polideportivo","category-portada"],"jetpack_featured_media_url":"https:\/\/i0.wp.com\/cdnoticias.com\/wp-content\/uploads\/2023\/04\/Asamblea-General-Ordinaria-Racing-2023.jpeg?fit=1280%2C720&ssl=1","jetpack_sharing_enabled":true,"_links":{"self":[{"href":"https:\/\/cdnoticias.com\/index.php\/wp-json\/wp\/v2\/posts\/138350","targetHints":{"allow":["GET"]}}],"collection":[{"href":"https:\/\/cdnoticias.com\/index.php\/wp-json\/wp\/v2\/posts"}],"about":[{"href":"https:\/\/cdnoticias.com\/index.php\/wp-json\/wp\/v2\/types\/post"}],"author":[{"embeddable":true,"href":"https:\/\/cdnoticias.com\/index.php\/wp-json\/wp\/v2\/users\/96739694"}],"replies":[{"embeddable":true,"href":"https:\/\/cdnoticias.com\/index.php\/wp-json\/wp\/v2\/comments?post=138350"}],"version-history":[{"count":0,"href":"https:\/\/cdnoticias.com\/index.php\/wp-json\/wp\/v2\/posts\/138350\/revisions"}],"wp:featuredmedia":[{"embeddable":true,"href":"https:\/\/cdnoticias.com\/index.php\/wp-json\/wp\/v2\/media\/154496"}],"wp:attachment":[{"href":"https:\/\/cdnoticias.com\/index.php\/wp-json\/wp\/v2\/media?parent=138350"}],"wp:term":[{"taxonomy":"category","embeddable":true,"href":"https:\/\/cdnoticias.com\/index.php\/wp-json\/wp\/v2\/categories?post=138350"},{"taxonomy":"post_tag","embeddable":true,"href":"https:\/\/cdnoticias.com\/index.php\/wp-json\/wp\/v2\/tags?post=138350"}],"curies":[{"name":"wp","href":"https:\/\/api.w.org\/{rel}","templated":true}]}}