{"id":138340,"date":"2023-04-10T17:52:29","date_gmt":"2023-04-10T20:52:29","guid":{"rendered":"http:\/\/centraldeportes.com.ar\/?p=33620"},"modified":"2025-02-11T15:12:39","modified_gmt":"2025-02-11T18:12:39","slug":"primera-b-metro-de-los-tres-locales-festejo-solo-el-de-armenio","status":"publish","type":"post","link":"https:\/\/cdnoticias.com\/index.php\/2023\/04\/10\/primera-b-metro-de-los-tres-locales-festejo-solo-el-de-armenio\/","title":{"rendered":"Primera B \u201cMetro\u201d: de los tres locales festej\u00f3 solo el de Armenio"},"content":{"rendered":"<p>La 9\u00b0 fecha del Torneo Apertura se jug\u00f3 el pasado fin de semana y volvieron a estar presentes los tres futbolistas olavarrienses en la categor\u00eda.<!--more--><\/p>\n<hr \/>\n<p>Entre jueves y s\u00e1bado, la <strong>Primera B Metropolitana<\/strong> disput\u00f3 los ocho cruces correspondientes a la<strong> 9\u00b0 cita del Torneo Apertura<\/strong>, que tiene como \u00fanico l\u00edder a Los Andes con 17 unidades.<strong> La jornada cont\u00f3 con las presencias de Battigelli, Buscaglia y Barbieri<\/strong> en sus respectivos equipos y dos lo hicieron con titularidad incluida.<\/p>\n<p>&nbsp;<\/p>\n<p>El viernes, Villa San Carlos emigr\u00f3 al Oeste del Gran Buenos Aires y visit\u00f3 a Ituzaing\u00f3 en el primer partido de la fecha. Dentro de un partido parejo, el \u201cCele\u201d tuvo varias ocasiones para llegar al gol, pero careci\u00f3 de profundidad y cay\u00f3 1 a 0 ante \u201cEl Verde\u201d. <strong>Sim\u00f3n Buscaglia inici\u00f3 el partido en el banco de suplentes e ingres\u00f3 a los 7\u2019 del segundo tiempo en lugar de Francisco Cairo<\/strong>.<\/p>\n<p>&nbsp;<\/p>\n<p>La continuidad del certamen fue el s\u00e1bado y el primero en hacerlo fue Deportivo Armenio, que volvi\u00f3 al triunfo tras cinco partidos. <strong>El \u201cTricolor\u201d recibi\u00f3 en Ingeniero Maschwitz a Argentino de Quilmes y lo gole\u00f3 por 4 a 1 con la presencia titular de Carlos Battigelli<\/strong>.<\/p>\n<p>&nbsp;<\/p>\n<p>M\u00e1s tarde, en el cierre de la fecha, Acassuso volvi\u00f3 a la acci\u00f3n luego de cumplir fecha libre y rescat\u00f3 un punto a tres minutos del final al igualar 1 a 1 con Talleres de Remedios de Escalada. <strong>Juan Ignacio Barbieri fue titular en el \u201cSusso\u201d y complet\u00f3 los 90 minutos de cotejo<\/strong>.<\/p>\n<p>&nbsp;<\/p>\n<p><em><strong>Foto: Deportivo Armenio.<\/strong><\/em><\/p>\n","protected":false},"excerpt":{"rendered":"<p>La 9\u00b0 fecha del Torneo Apertura se jug\u00f3 el pasado fin de semana y volvieron a estar presentes los tres<\/p>\n","protected":false},"author":96739694,"featured_media":154523,"comment_status":"closed","ping_status":"closed","sticky":false,"template":"","format":"standard","meta":{"_jetpack_memberships_contains_paid_content":false,"footnotes":""},"categories":[35,37,1],"tags":[],"class_list":["post-138340","post","type-post","status-publish","format-standard","has-post-thumbnail","hentry","category-futbol","category-futbol-profesional","category-portada"],"jetpack_featured_media_url":"https:\/\/i0.wp.com\/cdnoticias.com\/wp-content\/uploads\/2023\/04\/Carlos-Battigelli-Armenio-9%C2%B0-Fecha.jpg?fit=1280%2C960&ssl=1","jetpack_sharing_enabled":true,"_links":{"self":[{"href":"https:\/\/cdnoticias.com\/index.php\/wp-json\/wp\/v2\/posts\/138340","targetHints":{"allow":["GET"]}}],"collection":[{"href":"https:\/\/cdnoticias.com\/index.php\/wp-json\/wp\/v2\/posts"}],"about":[{"href":"https:\/\/cdnoticias.com\/index.php\/wp-json\/wp\/v2\/types\/post"}],"author":[{"embeddable":true,"href":"https:\/\/cdnoticias.com\/index.php\/wp-json\/wp\/v2\/users\/96739694"}],"replies":[{"embeddable":true,"href":"https:\/\/cdnoticias.com\/index.php\/wp-json\/wp\/v2\/comments?post=138340"}],"version-history":[{"count":0,"href":"https:\/\/cdnoticias.com\/index.php\/wp-json\/wp\/v2\/posts\/138340\/revisions"}],"wp:featuredmedia":[{"embeddable":true,"href":"https:\/\/cdnoticias.com\/index.php\/wp-json\/wp\/v2\/media\/154523"}],"wp:attachment":[{"href":"https:\/\/cdnoticias.com\/index.php\/wp-json\/wp\/v2\/media?parent=138340"}],"wp:term":[{"taxonomy":"category","embeddable":true,"href":"https:\/\/cdnoticias.com\/index.php\/wp-json\/wp\/v2\/categories?post=138340"},{"taxonomy":"post_tag","embeddable":true,"href":"https:\/\/cdnoticias.com\/index.php\/wp-json\/wp\/v2\/tags?post=138340"}],"curies":[{"name":"wp","href":"https:\/\/api.w.org\/{rel}","templated":true}]}}