{"id":138339,"date":"2023-04-10T16:11:56","date_gmt":"2023-04-10T19:11:56","guid":{"rendered":"http:\/\/centraldeportes.com.ar\/?p=33616"},"modified":"2025-02-11T15:12:40","modified_gmt":"2025-02-11T18:12:40","slug":"la-primera-division-tuvo-una-nutrida-participacion-local","status":"publish","type":"post","link":"https:\/\/cdnoticias.com\/index.php\/2023\/04\/10\/la-primera-division-tuvo-una-nutrida-participacion-local\/","title":{"rendered":"La Primera Divisi\u00f3n tuvo una nutrida participaci\u00f3n local"},"content":{"rendered":"<p>El pasado fin de semana largo, la categor\u00eda principal del f\u00fatbol argentino celebr\u00f3 de forma \u00edntegra la 10\u00b0 fecha de la Liga Profesional con la presencia de cinco futbolistas olavarrienses.<!--more--><\/p>\n<hr \/>\n<p>La <strong>Primera Divisi\u00f3n<\/strong> del f\u00fatbol nacional jug\u00f3 entre viernes y domingo pasado todos los compromisos correspondientes a la <strong>10\u00b0 cita del torneo,<\/strong> que cont\u00f3 con buena convocatoria de jugadores olavarrienses.<\/p>\n<p>&nbsp;<\/p>\n<p>El primero en salir a la cancha fue <strong>Pedro De la Vega<\/strong> con Lan\u00fas, que gan\u00f3 al cabo de cinco fechas sin poder hacerlo. <strong>El \u201cGranate\u201d derrot\u00f3 3 a 0 a Arsenal en La Fortaleza y tuvo entre sus filas al delantero olavarriense<\/strong>, quien comenz\u00f3 el encuentro de titular y m\u00e1s tarde sali\u00f3 reemplazado por Franco Orozco a los 79\u2019.<\/p>\n<p>&nbsp;<\/p>\n<p>Durante la misma jornada se present\u00f3<strong> V\u00e9lez<\/strong>, que lo ganaba c\u00f3modo 3 a 1 pero se qued\u00f3 sobre el final y<strong> termin\u00f3 empatando 3 a 3 con Banfield<\/strong>. All\u00ed,<a href=\"https:\/\/cdnoticias.com\/janson-marco-por-duplicado-pero-velez-no-lo-aguanto\/\"> Lucas Janson fue titular y anot\u00f3 dos goles<\/a> para el conjunto de Liniers.<\/p>\n<p>&nbsp;<\/p>\n<p>Por otra parte el s\u00e1bado, en el \u00faltimo partido del d\u00eda, Atl\u00e9tico Tucum\u00e1n no pudo con San Lorenzo en el Monumental Jos\u00e9 Fierro y cay\u00f3 por 3 a 1. <strong>Braian Guille inici\u00f3 el duelo entre las variantes y jug\u00f3 solo 5 minutos (entr\u00f3 a los 85\u2019)<\/strong>.<\/p>\n<p>&nbsp;<\/p>\n<p>El domingo, <strong>Santiago Salle fue suplente pero no ingres\u00f3 en la derrota de Independiente como local 2 a 1 ante Estudiantes de La Plata<\/strong>. Asimismo, en Mendoza, Godoy Cruz reparti\u00f3 puntos con Tigre luego de igualar 1 a 1 en el estadio Malvinas Argentinas. <strong>El defensor olavarriense, Braian Salvareschi, arranc\u00f3 como suplente y tuvo oportunidad a los 35\u2019 del primer tiempo luego de sustituir a Lucas Arce<\/strong>.<\/p>\n<p>&nbsp;<\/p>\n<p><em><strong>Foto: Club Lan\u00fas.<\/strong><\/em><\/p>\n","protected":false},"excerpt":{"rendered":"<p>El pasado fin de semana largo, la categor\u00eda principal del f\u00fatbol argentino celebr\u00f3 de forma \u00edntegra la 10\u00b0 fecha de<\/p>\n","protected":false},"author":96739694,"featured_media":154525,"comment_status":"closed","ping_status":"closed","sticky":false,"template":"","format":"standard","meta":{"_jetpack_memberships_contains_paid_content":false,"footnotes":""},"categories":[35,37,1],"tags":[],"class_list":["post-138339","post","type-post","status-publish","format-standard","has-post-thumbnail","hentry","category-futbol","category-futbol-profesional","category-portada"],"jetpack_featured_media_url":"https:\/\/i0.wp.com\/cdnoticias.com\/wp-content\/uploads\/2023\/04\/Pedro-De-la-Vega-Lan%C3%BAs-10-Fecha-Liga-Profesional-2023.jpg?fit=2048%2C1536&ssl=1","jetpack_sharing_enabled":true,"_links":{"self":[{"href":"https:\/\/cdnoticias.com\/index.php\/wp-json\/wp\/v2\/posts\/138339","targetHints":{"allow":["GET"]}}],"collection":[{"href":"https:\/\/cdnoticias.com\/index.php\/wp-json\/wp\/v2\/posts"}],"about":[{"href":"https:\/\/cdnoticias.com\/index.php\/wp-json\/wp\/v2\/types\/post"}],"author":[{"embeddable":true,"href":"https:\/\/cdnoticias.com\/index.php\/wp-json\/wp\/v2\/users\/96739694"}],"replies":[{"embeddable":true,"href":"https:\/\/cdnoticias.com\/index.php\/wp-json\/wp\/v2\/comments?post=138339"}],"version-history":[{"count":0,"href":"https:\/\/cdnoticias.com\/index.php\/wp-json\/wp\/v2\/posts\/138339\/revisions"}],"wp:featuredmedia":[{"embeddable":true,"href":"https:\/\/cdnoticias.com\/index.php\/wp-json\/wp\/v2\/media\/154525"}],"wp:attachment":[{"href":"https:\/\/cdnoticias.com\/index.php\/wp-json\/wp\/v2\/media?parent=138339"}],"wp:term":[{"taxonomy":"category","embeddable":true,"href":"https:\/\/cdnoticias.com\/index.php\/wp-json\/wp\/v2\/categories?post=138339"},{"taxonomy":"post_tag","embeddable":true,"href":"https:\/\/cdnoticias.com\/index.php\/wp-json\/wp\/v2\/tags?post=138339"}],"curies":[{"name":"wp","href":"https:\/\/api.w.org\/{rel}","templated":true}]}}