{"id":138326,"date":"2023-04-08T12:54:42","date_gmt":"2023-04-08T15:54:42","guid":{"rendered":"http:\/\/centraldeportes.com.ar\/?p=33506"},"modified":"2025-02-11T15:10:53","modified_gmt":"2025-02-11T18:10:53","slug":"liga-nacional-hubo-clasico-correntino-y-gano-regatas","status":"publish","type":"post","link":"https:\/\/cdnoticias.com\/index.php\/2023\/04\/08\/liga-nacional-hubo-clasico-correntino-y-gano-regatas\/","title":{"rendered":"Liga Nacional: hubo cl\u00e1sico correntino y gan\u00f3 Regatas"},"content":{"rendered":"<p>Regatas Corrientes se adue\u00f1\u00f3 de un colorido cl\u00e1sico correntino frente a San Mart\u00edn por 75-68 y se afianza en zona de Playoffs. Alejandro Diez fue de los jugadores m\u00e1s valiosos en el ganador.<!--more--><\/p>\n<hr \/>\n<p>Con entradas totalmente agotadas se jug\u00f3 uno de los duelos con m\u00e1s color y condimento de la Liga Nacional. Y como en cada ocasi\u00f3n que se pone en marcha el cl\u00e1sico de la ciudad de Corrientes, nuevamente un repleto Jos\u00e9 Jorge Contte vibr\u00f3 al ritmo de un partidazo.<\/p>\n<p>&nbsp;<\/p>\n<p>De este modo Regatas sum\u00f3 su victoria n\u00famero 20 en la temporada y con tres compromisos por jugar, se afianza en puestos de playoff y luchar\u00e1 por seguir escalando posiciones. Su pr\u00f3ximo choque ser\u00e1 el mi\u00e9rcoles recibiendo a Independiente.<\/p>\n<p>&nbsp;<\/p>\n<p>Alejandro Diez sum\u00f3 4 puntos y 7 rebotes en 24:32 para terminar el duelo con 10 de valoraci\u00f3n.<\/p>\n","protected":false},"excerpt":{"rendered":"<p>Regatas Corrientes se adue\u00f1\u00f3 de un colorido cl\u00e1sico correntino frente a San Mart\u00edn por 75-68 y se afianza en zona<\/p>\n","protected":false},"author":96739694,"featured_media":154433,"comment_status":"closed","ping_status":"closed","sticky":false,"template":"","format":"standard","meta":{"_jetpack_memberships_contains_paid_content":false,"footnotes":""},"categories":[31,36,1],"tags":[],"class_list":["post-138326","post","type-post","status-publish","format-standard","has-post-thumbnail","hentry","category-basquet","category-liga-nacional","category-portada"],"jetpack_featured_media_url":"https:\/\/i0.wp.com\/cdnoticias.com\/wp-content\/uploads\/2023\/04\/rgsmlnb2374-17-scaled.jpg?fit=2560%2C1707&ssl=1","jetpack_sharing_enabled":true,"_links":{"self":[{"href":"https:\/\/cdnoticias.com\/index.php\/wp-json\/wp\/v2\/posts\/138326","targetHints":{"allow":["GET"]}}],"collection":[{"href":"https:\/\/cdnoticias.com\/index.php\/wp-json\/wp\/v2\/posts"}],"about":[{"href":"https:\/\/cdnoticias.com\/index.php\/wp-json\/wp\/v2\/types\/post"}],"author":[{"embeddable":true,"href":"https:\/\/cdnoticias.com\/index.php\/wp-json\/wp\/v2\/users\/96739694"}],"replies":[{"embeddable":true,"href":"https:\/\/cdnoticias.com\/index.php\/wp-json\/wp\/v2\/comments?post=138326"}],"version-history":[{"count":0,"href":"https:\/\/cdnoticias.com\/index.php\/wp-json\/wp\/v2\/posts\/138326\/revisions"}],"wp:featuredmedia":[{"embeddable":true,"href":"https:\/\/cdnoticias.com\/index.php\/wp-json\/wp\/v2\/media\/154433"}],"wp:attachment":[{"href":"https:\/\/cdnoticias.com\/index.php\/wp-json\/wp\/v2\/media?parent=138326"}],"wp:term":[{"taxonomy":"category","embeddable":true,"href":"https:\/\/cdnoticias.com\/index.php\/wp-json\/wp\/v2\/categories?post=138326"},{"taxonomy":"post_tag","embeddable":true,"href":"https:\/\/cdnoticias.com\/index.php\/wp-json\/wp\/v2\/tags?post=138326"}],"curies":[{"name":"wp","href":"https:\/\/api.w.org\/{rel}","templated":true}]}}