{"id":138319,"date":"2023-04-07T16:24:33","date_gmt":"2023-04-07T19:24:33","guid":{"rendered":"http:\/\/centraldeportes.com.ar\/?p=33439"},"modified":"2025-02-11T15:11:30","modified_gmt":"2025-02-11T18:11:30","slug":"accion-para-el-torneo-de-dobles-damas-en-el-parque-guerrero","status":"publish","type":"post","link":"https:\/\/cdnoticias.com\/index.php\/2023\/04\/07\/accion-para-el-torneo-de-dobles-damas-en-el-parque-guerrero\/","title":{"rendered":"Acci\u00f3n para el torneo de Dobles Damas en el Parque Guerrero"},"content":{"rendered":"<p>Entre s\u00e1bado y domingo, se jug\u00f3 en los courts del Parque Guerrero la Copa \u201cCasilda\u201d reservada para las Categor\u00edas A, B y C.<!--more--><\/p>\n<hr \/>\n<p>El certamen que reuni\u00f3 a much\u00edsimas parejas de Damas se defini\u00f3 parcialmente ya que a\u00fan restan conocer algunas ganadoras.<\/p>\n<p>&nbsp;<\/p>\n<p>[soliloquy id=&#8221;33417&#8243;]<\/p>\n<p>&nbsp;<\/p>\n<p>Los resultados:<\/p>\n<p>&nbsp;<\/p>\n<p>Categor\u00eda B:<\/p>\n<p>Campeonas: Carli y Messineo<\/p>\n<p>Subcampeonas: Torres y Fal<\/p>\n<p>Resultado: 7\/5 y 6\/4<\/p>\n<p>&nbsp;<\/p>\n<p>Categor\u00eda C:<\/p>\n<p>Volante \u2013 Tancredi y Cantori \u2013 Huarte.<\/p>\n<p>Espera en la final el binomio compuesto por Schwindt y Urdampilleta<\/p>\n","protected":false},"excerpt":{"rendered":"<p>Entre s\u00e1bado y domingo, se jug\u00f3 en los courts del Parque Guerrero la Copa \u201cCasilda\u201d reservada para las Categor\u00edas A,<\/p>\n","protected":false},"author":96739694,"featured_media":154449,"comment_status":"closed","ping_status":"closed","sticky":false,"template":"","format":"standard","meta":{"_jetpack_memberships_contains_paid_content":false,"footnotes":""},"categories":[30,1],"tags":[],"class_list":["post-138319","post","type-post","status-publish","format-standard","has-post-thumbnail","hentry","category-polideportivo","category-portada"],"jetpack_featured_media_url":"https:\/\/i0.wp.com\/cdnoticias.com\/wp-content\/uploads\/2023\/04\/tenis-7.jpeg?fit=1280%2C853&ssl=1","jetpack_sharing_enabled":true,"_links":{"self":[{"href":"https:\/\/cdnoticias.com\/index.php\/wp-json\/wp\/v2\/posts\/138319","targetHints":{"allow":["GET"]}}],"collection":[{"href":"https:\/\/cdnoticias.com\/index.php\/wp-json\/wp\/v2\/posts"}],"about":[{"href":"https:\/\/cdnoticias.com\/index.php\/wp-json\/wp\/v2\/types\/post"}],"author":[{"embeddable":true,"href":"https:\/\/cdnoticias.com\/index.php\/wp-json\/wp\/v2\/users\/96739694"}],"replies":[{"embeddable":true,"href":"https:\/\/cdnoticias.com\/index.php\/wp-json\/wp\/v2\/comments?post=138319"}],"version-history":[{"count":0,"href":"https:\/\/cdnoticias.com\/index.php\/wp-json\/wp\/v2\/posts\/138319\/revisions"}],"wp:featuredmedia":[{"embeddable":true,"href":"https:\/\/cdnoticias.com\/index.php\/wp-json\/wp\/v2\/media\/154449"}],"wp:attachment":[{"href":"https:\/\/cdnoticias.com\/index.php\/wp-json\/wp\/v2\/media?parent=138319"}],"wp:term":[{"taxonomy":"category","embeddable":true,"href":"https:\/\/cdnoticias.com\/index.php\/wp-json\/wp\/v2\/categories?post=138319"},{"taxonomy":"post_tag","embeddable":true,"href":"https:\/\/cdnoticias.com\/index.php\/wp-json\/wp\/v2\/tags?post=138319"}],"curies":[{"name":"wp","href":"https:\/\/api.w.org\/{rel}","templated":true}]}}