{"id":138318,"date":"2023-04-07T16:18:09","date_gmt":"2023-04-07T19:18:09","guid":{"rendered":"http:\/\/centraldeportes.com.ar\/?p=33436"},"modified":"2025-02-11T15:11:31","modified_gmt":"2025-02-11T18:11:31","slug":"francisco-correa-iguiniz-campeon-de-singles-y-dobles-en-el-abierto-de-lujan","status":"publish","type":"post","link":"https:\/\/cdnoticias.com\/index.php\/2023\/04\/07\/francisco-correa-iguiniz-campeon-de-singles-y-dobles-en-el-abierto-de-lujan\/","title":{"rendered":"Francisco Correa Igui\u00f1iz campe\u00f3n de Singles y Dobles en el Abierto de Luj\u00e1n"},"content":{"rendered":"<p>Se disput\u00f3 durante el fin de semana un Torneo Abierto de Menores (Ex G3) en Luj\u00e1n y Francisco Correa Igui\u00f1iz se consagr\u00f3 en ambas modalidades.<!--more--><\/p>\n<hr \/>\n<p>El tenista del Club Estudiantes festej\u00f3 sus primeros t\u00edtulos en su primer a\u00f1o como Sub14 ante rivales de mayor experiencia en la divisional y que hacen valer su diferencia f\u00edsica.<\/p>\n<p>&nbsp;<\/p>\n<p>Los resultados:<\/p>\n<p>Recorrido en Singles:<\/p>\n<p>Octavos de final:<\/p>\n<p>A Camogli: 6\/1 y 6\/0<\/p>\n<p>Cuartos de final:<\/p>\n<p>A Meccia: 6\/1 y 6\/3<\/p>\n<p>Semifinal:<\/p>\n<p>A Juan: 1\/6, 6\/3 y 10\/5<\/p>\n<p>Final:<\/p>\n<p>A Montoya (Regi\u00f3n 8 Capital): 6\/4 y 7\/5<\/p>\n<p>Recorrido en Dobles junto a Federico Juan:<\/p>\n<p>Semifinal:<\/p>\n<p>A Peccio &#8211; Meccia: 6\/0<\/p>\n<p>Final:<\/p>\n<p>A Spina &#8211; Aliano: 6\/3<\/p>\n","protected":false},"excerpt":{"rendered":"<p>Se disput\u00f3 durante el fin de semana un Torneo Abierto de Menores (Ex G3) en Luj\u00e1n y Francisco Correa Igui\u00f1iz<\/p>\n","protected":false},"author":96739694,"featured_media":154451,"comment_status":"closed","ping_status":"closed","sticky":false,"template":"","format":"standard","meta":{"_jetpack_memberships_contains_paid_content":false,"footnotes":""},"categories":[30,1],"tags":[],"class_list":["post-138318","post","type-post","status-publish","format-standard","has-post-thumbnail","hentry","category-polideportivo","category-portada"],"jetpack_featured_media_url":"https:\/\/i0.wp.com\/cdnoticias.com\/wp-content\/uploads\/2023\/04\/339323766_240269851733432_8553613964165442318_n-e1680895080814.jpg?fit=958%2C588&ssl=1","jetpack_sharing_enabled":true,"_links":{"self":[{"href":"https:\/\/cdnoticias.com\/index.php\/wp-json\/wp\/v2\/posts\/138318","targetHints":{"allow":["GET"]}}],"collection":[{"href":"https:\/\/cdnoticias.com\/index.php\/wp-json\/wp\/v2\/posts"}],"about":[{"href":"https:\/\/cdnoticias.com\/index.php\/wp-json\/wp\/v2\/types\/post"}],"author":[{"embeddable":true,"href":"https:\/\/cdnoticias.com\/index.php\/wp-json\/wp\/v2\/users\/96739694"}],"replies":[{"embeddable":true,"href":"https:\/\/cdnoticias.com\/index.php\/wp-json\/wp\/v2\/comments?post=138318"}],"version-history":[{"count":0,"href":"https:\/\/cdnoticias.com\/index.php\/wp-json\/wp\/v2\/posts\/138318\/revisions"}],"wp:featuredmedia":[{"embeddable":true,"href":"https:\/\/cdnoticias.com\/index.php\/wp-json\/wp\/v2\/media\/154451"}],"wp:attachment":[{"href":"https:\/\/cdnoticias.com\/index.php\/wp-json\/wp\/v2\/media?parent=138318"}],"wp:term":[{"taxonomy":"category","embeddable":true,"href":"https:\/\/cdnoticias.com\/index.php\/wp-json\/wp\/v2\/categories?post=138318"},{"taxonomy":"post_tag","embeddable":true,"href":"https:\/\/cdnoticias.com\/index.php\/wp-json\/wp\/v2\/tags?post=138318"}],"curies":[{"name":"wp","href":"https:\/\/api.w.org\/{rel}","templated":true}]}}