{"id":138308,"date":"2023-04-06T13:04:31","date_gmt":"2023-04-06T16:04:31","guid":{"rendered":"http:\/\/centraldeportes.com.ar\/?p=33364"},"modified":"2025-02-11T15:11:50","modified_gmt":"2025-02-11T18:11:50","slug":"los-clubes-de-la-union-recibieron-5-millones-de-pesos","status":"publish","type":"post","link":"https:\/\/cdnoticias.com\/index.php\/2023\/04\/06\/los-clubes-de-la-union-recibieron-5-millones-de-pesos\/","title":{"rendered":"Los clubes de la Uni\u00f3n recibieron 5 millones de pesos"},"content":{"rendered":"<p>En la ma\u00f1ana del viernes y en un acto que cont\u00f3 con los 13 presidentes de las entidades fundadoras de la Uni\u00f3n de Clubes y Maximiliano Wesner se oficializ\u00f3 la entrega de $5.000.000.<!--more--><\/p>\n<hr \/>\n<p>Recientemente y anunciado por el titular de Anses y concejal del Frente de Todos, Maximiliano Wesner se acreditaron cinco millones de pesos para los 13 clubes que integran la Uni\u00f3n.<\/p>\n<p>&nbsp;<\/p>\n<p>Wesner, sostuvo en conferencia de prensa, tal como se hab\u00eda anunciado en la <a href=\"https:\/\/cdnoticias.com\/cientos-de-personas-disfrutaron-la-gran-cena-de-la-union-de-clubes\/\">cena de Uni\u00f3n de Clubes<\/a> de noviembre pasado, que los clubes recibir\u00e1n \u201c<strong>dos reintegros de gastos.\u00a0Uno\u00a0que se est\u00e1 materializando en este momento, que\u00a0ya est\u00e1 acreditado, de cinco millones de pesos y otro que ya contamos con n\u00famero de expediente. Comenz\u00f3 el procedimiento administrativo y en breve va a estar acreditado en cuenta tambi\u00e9n,\u00a0con lo cual ser\u00e1n 10 millones de pesos para los clubes que integran la Uni\u00f3n<\/strong>\u201d.<\/p>\n<p>&nbsp;<\/p>\n<p>Tomaron parte del acto Jos\u00e9 Maceo (Pueblo Nuevo), Emilio Incaguarat (Estudiantes), Leandro Lanceta (El Fort\u00edn), Roberto Vidal (Ferro), Mario Giacomaso (Racing), Mario Lurbet (El Provincial), Jos\u00e9 Veyrand (Mariano Moreno), Fernando Di Carlo (Embajadores), Federico Zamora (San Mart\u00edn de Sierras Bayas), Walter Bahl (Loma Negra), Juan Billegas (Sierra Chica), Juan Traversa (AMCO) y Ariel Arce (Club Hinojo).<\/p>\n<p>&nbsp;<\/p>\n<p>Los detalles del acto y la palabra de los protagonistas en <a href=\"https:\/\/www.centraldenoticias.com.ar\/index.php\/2023\/04\/05\/se-acreditaron-cinco-millones-de-pesos-para-los-13-clubes-que-integran-la-union\/\">www.centraldenoticias.com.ar<\/a><\/p>\n","protected":false},"excerpt":{"rendered":"<p>En la ma\u00f1ana del viernes y en un acto que cont\u00f3 con los 13 presidentes de las entidades fundadoras de<\/p>\n","protected":false},"author":96739694,"featured_media":154480,"comment_status":"closed","ping_status":"closed","sticky":false,"template":"","format":"standard","meta":{"_jetpack_memberships_contains_paid_content":false,"footnotes":""},"categories":[30,1],"tags":[],"class_list":["post-138308","post","type-post","status-publish","format-standard","has-post-thumbnail","hentry","category-polideportivo","category-portada"],"jetpack_featured_media_url":"https:\/\/i0.wp.com\/cdnoticias.com\/wp-content\/uploads\/2023\/04\/UNION-01-800x445.jpg?fit=800%2C445&ssl=1","jetpack_sharing_enabled":true,"_links":{"self":[{"href":"https:\/\/cdnoticias.com\/index.php\/wp-json\/wp\/v2\/posts\/138308","targetHints":{"allow":["GET"]}}],"collection":[{"href":"https:\/\/cdnoticias.com\/index.php\/wp-json\/wp\/v2\/posts"}],"about":[{"href":"https:\/\/cdnoticias.com\/index.php\/wp-json\/wp\/v2\/types\/post"}],"author":[{"embeddable":true,"href":"https:\/\/cdnoticias.com\/index.php\/wp-json\/wp\/v2\/users\/96739694"}],"replies":[{"embeddable":true,"href":"https:\/\/cdnoticias.com\/index.php\/wp-json\/wp\/v2\/comments?post=138308"}],"version-history":[{"count":0,"href":"https:\/\/cdnoticias.com\/index.php\/wp-json\/wp\/v2\/posts\/138308\/revisions"}],"wp:featuredmedia":[{"embeddable":true,"href":"https:\/\/cdnoticias.com\/index.php\/wp-json\/wp\/v2\/media\/154480"}],"wp:attachment":[{"href":"https:\/\/cdnoticias.com\/index.php\/wp-json\/wp\/v2\/media?parent=138308"}],"wp:term":[{"taxonomy":"category","embeddable":true,"href":"https:\/\/cdnoticias.com\/index.php\/wp-json\/wp\/v2\/categories?post=138308"},{"taxonomy":"post_tag","embeddable":true,"href":"https:\/\/cdnoticias.com\/index.php\/wp-json\/wp\/v2\/tags?post=138308"}],"curies":[{"name":"wp","href":"https:\/\/api.w.org\/{rel}","templated":true}]}}