{"id":138304,"date":"2023-04-05T21:26:10","date_gmt":"2023-04-06T00:26:10","guid":{"rendered":"http:\/\/centraldeportes.com.ar\/?p=33336"},"modified":"2025-02-11T14:52:14","modified_gmt":"2025-02-11T17:52:14","slug":"finde-de-festivales-corrieron-en-olavarria-y-en-tandil","status":"publish","type":"post","link":"https:\/\/cdnoticias.com\/index.php\/2023\/04\/05\/finde-de-festivales-corrieron-en-olavarria-y-en-tandil\/","title":{"rendered":"\u201cFinde\u201d de festivales: corrieron en Olavarr\u00eda y en Tandil"},"content":{"rendered":"<p>El pasado fin de semana se llevaron dos festivales con importante convocatoria regional. El s\u00e1bado fue la UCO la anfitriona y el domingo, la acci\u00f3n se traslad\u00f3 a Tandil.<!--more--><\/p>\n<hr \/>\n<p>El s\u00e1bado y bajo la organizaci\u00f3n de la Uni\u00f3n de Ciclistas Olavarrienses se realiz\u00f3 un encuentro que cont\u00f3 con un buen acompa\u00f1amiento de p\u00fablico. En la categor\u00eda Libre se compiti\u00f3 en la modalidad persecuci\u00f3n y el equipo ganador fue el compuesto por Mariano Larraz, Guido Santa Cruz y Dami\u00e1n Sal\u00edas.<\/p>\n<p>&nbsp;<\/p>\n<p>Por otro lado, en el transcurso del domingo, se realiz\u00f3 el Tributo a Roberto Braghette en la ciudad de Tandil con triunfo para el internacional Alexis Miranda en la categor\u00eda \u00c9lite.<\/p>\n<p>&nbsp;<\/p>\n<p>Los resultados:<\/p>\n<p>Inactivos<\/p>\n<p>1\u00ba Flavio L\u00f3pez (Tandil)<\/p>\n<p>2\u00ba Jorge Belsito (Tandil)<\/p>\n<p>3\u00ba Joel Randazzo (Olavarr\u00eda)<\/p>\n<p>4\u00ba Mariano Almada (Olavarr\u00eda)<\/p>\n<p>5\u00ba Cristian Ortiz (Olavarr\u00eda)<\/p>\n<p>Damas<\/p>\n<p>1\u00ba Selva Pagano (Rauch)<\/p>\n<p>2\u00ba Naky Barrag\u00e1n (Rauch)<\/p>\n<p>3\u00ba Luj\u00e1n Barra (Tapalqu\u00e9)<\/p>\n<p>M\u00e1ster D<\/p>\n<p>1\u00ba Francisco Posse (Olavarr\u00eda)<\/p>\n<p>2\u00ba Carlos Tolosa (Saladillo)<\/p>\n<p>3\u00ba Enrique Jensen (Mar del Plata)<\/p>\n<p>M\u00e1ster B<\/p>\n<p>1\u00ba Jorge Sosa (Lober\u00eda)<\/p>\n<p>2\u00ba Federico G\u00f3mez (Tapalqu\u00e9)<\/p>\n<p>3\u00ba Andr\u00e9s Fern\u00e1ndez (Tandil)<\/p>\n<p>4\u00ba Pablo Fioritti (Balcarce)<\/p>\n<p>5\u00ba Rub\u00e9n Valerga (Tres Arroyos)<\/p>\n<p>6\u00ba Mariano Erripa (Olavarr\u00eda)<\/p>\n<p>\u00c9lite I \u2013 II \u2013 SUB 23<\/p>\n<p>1\u00ba Alexis Miranda (Mar del Plata)<\/p>\n<p>2 \u00ba Claudio Mart\u00ednez (Necochea)<\/p>\n<p>3\u00ba Sergio Franqui (Necochea)<\/p>\n<p>M\u00e1ster A Juniors<\/p>\n<p>1 \u00ba Dami\u00e1n Almir\u00f3n (Lober\u00eda)<\/p>\n<p>2\u00ba Mat\u00edas Etchepare (Azul)<\/p>\n<p>3\u00ba Rub\u00e9n Torres (Olavarr\u00eda)<\/p>\n<p>&nbsp;<\/p>\n","protected":false},"excerpt":{"rendered":"<p>El pasado fin de semana se llevaron dos festivales con importante convocatoria regional. El s\u00e1bado fue la UCO la anfitriona<\/p>\n","protected":false},"author":96739694,"featured_media":154365,"comment_status":"closed","ping_status":"closed","sticky":false,"template":"","format":"standard","meta":{"_jetpack_memberships_contains_paid_content":false,"footnotes":""},"categories":[30,1],"tags":[],"class_list":["post-138304","post","type-post","status-publish","format-standard","has-post-thumbnail","hentry","category-polideportivo","category-portada"],"jetpack_featured_media_url":"https:\/\/i0.wp.com\/cdnoticias.com\/wp-content\/uploads\/2023\/04\/WhatsApp-Image-2023-04-05-at-20.07.09-e1680746157925.jpeg?fit=1197%2C667&ssl=1","jetpack_sharing_enabled":true,"_links":{"self":[{"href":"https:\/\/cdnoticias.com\/index.php\/wp-json\/wp\/v2\/posts\/138304","targetHints":{"allow":["GET"]}}],"collection":[{"href":"https:\/\/cdnoticias.com\/index.php\/wp-json\/wp\/v2\/posts"}],"about":[{"href":"https:\/\/cdnoticias.com\/index.php\/wp-json\/wp\/v2\/types\/post"}],"author":[{"embeddable":true,"href":"https:\/\/cdnoticias.com\/index.php\/wp-json\/wp\/v2\/users\/96739694"}],"replies":[{"embeddable":true,"href":"https:\/\/cdnoticias.com\/index.php\/wp-json\/wp\/v2\/comments?post=138304"}],"version-history":[{"count":0,"href":"https:\/\/cdnoticias.com\/index.php\/wp-json\/wp\/v2\/posts\/138304\/revisions"}],"wp:featuredmedia":[{"embeddable":true,"href":"https:\/\/cdnoticias.com\/index.php\/wp-json\/wp\/v2\/media\/154365"}],"wp:attachment":[{"href":"https:\/\/cdnoticias.com\/index.php\/wp-json\/wp\/v2\/media?parent=138304"}],"wp:term":[{"taxonomy":"category","embeddable":true,"href":"https:\/\/cdnoticias.com\/index.php\/wp-json\/wp\/v2\/categories?post=138304"},{"taxonomy":"post_tag","embeddable":true,"href":"https:\/\/cdnoticias.com\/index.php\/wp-json\/wp\/v2\/tags?post=138304"}],"curies":[{"name":"wp","href":"https:\/\/api.w.org\/{rel}","templated":true}]}}