{"id":13830,"date":"2021-02-15T19:02:12","date_gmt":"2021-02-15T22:02:12","guid":{"rendered":"http:\/\/www.centraldenoticias.com.ar\/?p=13830"},"modified":"2021-02-15T19:02:12","modified_gmt":"2021-02-15T22:02:12","slug":"exitosa-edicion-del-carnaval-2021-organizado-por-el-foro-olavarria","status":"publish","type":"post","link":"https:\/\/cdnoticias.com\/index.php\/2021\/02\/15\/exitosa-edicion-del-carnaval-2021-organizado-por-el-foro-olavarria\/","title":{"rendered":"Exitosa edici\u00f3n del Carnaval 2021 organizado por el Foro Olavarr\u00eda"},"content":{"rendered":"<p>Un importante n\u00famero de personas siguieron el evento que se emiti\u00f3 en vivo el \u00faltimo domingo. Si no lo viste o lo quer\u00e9s volver a vivir, este lunes tendr\u00e1s una nueva oportunidad. <strong>Los detalles<\/strong>.<!--more--><\/p>\n<hr \/>\n<p>La novedosa e in\u00e9dita propuesta cultural y art\u00edstica impulsada desde el Foro Olavarr\u00eda tuvo el \u00faltimo domingo una exitosa transmisi\u00f3n que fue seguida a trav\u00e9s de las redes sociales por una importante audiencia. Se trata del denominado<strong> VIVO El Carnaval Olavarr\u00eda 2021, que este lunes lo podr\u00e1s volver a vivir.<\/strong><\/p>\n<p>&nbsp;<\/p>\n<p>La noche del \u00faltimo domingo estuvo impregnada de colores y alegr\u00eda gracias al VIVO El Carnaval Olavarr\u00eda 2021. Se trata de la innovadora propuesta del Foro Olavarr\u00eda que permiti\u00f3 que distintos artistas del carnaval compartan todo su talento y humor con su p\u00fablico, a trav\u00e9s de un show por streaming que cont\u00f3 con una importante repercusi\u00f3n.<\/p>\n<p>&nbsp;<\/p>\n<p><img data-recalc-dims=\"1\" loading=\"lazy\" decoding=\"async\" class=\"alignnone size-large wp-image-13833\" src=\"https:\/\/i0.wp.com\/cdnoticias.com\/wp-content\/uploads\/2021\/02\/IMG-20210215-WA0072.jpg?resize=800%2C450&#038;ssl=1\" alt=\"\" width=\"800\" height=\"450\" srcset=\"https:\/\/i0.wp.com\/cdnoticias.com\/wp-content\/uploads\/2021\/02\/IMG-20210215-WA0072.jpg?resize=1024%2C576&amp;ssl=1 1024w, https:\/\/i0.wp.com\/cdnoticias.com\/wp-content\/uploads\/2021\/02\/IMG-20210215-WA0072.jpg?resize=300%2C169&amp;ssl=1 300w, https:\/\/i0.wp.com\/cdnoticias.com\/wp-content\/uploads\/2021\/02\/IMG-20210215-WA0072.jpg?resize=768%2C432&amp;ssl=1 768w, https:\/\/i0.wp.com\/cdnoticias.com\/wp-content\/uploads\/2021\/02\/IMG-20210215-WA0072.jpg?w=1280&amp;ssl=1 1280w\" sizes=\"auto, (max-width: 800px) 100vw, 800px\" \/><\/p>\n<p>&nbsp;<\/p>\n<p>El evento, impulsado por el espacio que conducen el Concejal Eduardo Rodr\u00edguez y la Concejala In\u00e9s Creimer, es la primera experiencia virtual del carnaval de Olavarr\u00eda. La Casa Eduardo \u201cChino\u201d Correa se convirti\u00f3 en un peque\u00f1o estudio de televisi\u00f3n por el cual desfilaron varias agrupaciones del carnaval. <strong>El show, que se extendi\u00f3 por poco m\u00e1s de 3 horas, mezcl\u00f3 partes en vivo con producciones audiovisuales de los distintos artistas que formaron parte del evento.<\/strong><\/p>\n<p>&nbsp;<\/p>\n<p>Las plataformas de Facebook Live y YouTube fueron los sitios donde se pudieron ver cada una de las presentaciones de <strong>Mechongu\u00e9, Sambos Caporales, Madame L\u00fa, Caporales de Coraz\u00f3n, Bancate la Pelusa, Daii Yar\u00e1, Arrebatando L\u00e1grimas, Comodines de Febrero, Insaciables, La Nueva Bater\u00eda VIP y Bah\u00eda Ba, quienes fueron los protagonistas de un gran cierre con todo el ritmo de la samba brasilera.\u00a0\u00a0\u00a0\u00a0<\/strong><\/p>\n<p><strong>\u00a0\u00a0\u00a0\u00a0\u00a0\u00a0\u00a0\u00a0\u00a0\u00a0\u00a0\u00a0\u00a0\u00a0\u00a0<\/strong><\/p>\n<p><em><strong>Hubo sorteos con grandes premios<\/strong><\/em><\/p>\n<p>&nbsp;<\/p>\n<p>El p\u00fablico tambi\u00e9n fue parte importante de la transmisi\u00f3n del VIVO El Carnaval Olavarr\u00eda 2021. Asimismo, mucha gente se sum\u00f3 a este carnaval virtual compartiendo por las redes su foto con disfraz o mostrando c\u00f3mo estaban viviendo esta innovadora propuesta. Entre toda la gente que envi\u00f3 sus im\u00e1genes a lo largo del vivo se realiz\u00f3 un sorteo por interesantes premios. <strong>Los ganadores de la noche fueron Blas Chazarreta con el 430, quien se llev\u00f3 un parlante port\u00e1til Philco, y Lucas Pedellini con el 058, acreedor de un parlante sumergible Boompods.<\/strong><\/p>\n<p>&nbsp;<\/p>\n<blockquote>\n<p style=\"text-align: left;\">Las voces encargadas de la conducci\u00f3n del VIVO El Carnaval Olavarr\u00eda 2021 fueron Marcelo Manolio, figura tradicional de los carnavales, y Sebasti\u00e1n Bonavetti.<\/p>\n<\/blockquote>\n<p>&nbsp;<\/p>\n<p>Aquellas personas que deseen revivir esta innovadora propuesta del Foro Olavarr\u00eda podr\u00e1n hacerlo a trav\u00e9s de la repetici\u00f3n que tendr\u00e1 lugar hoy a las 21 horas, nuevamente por <a href=\"https:\/\/youtu.be\/AJVoqC9-vyo\" target=\"_blank\" rel=\"noopener\">YouTube<\/a> y <a href=\"https:\/\/www.facebook.com\/watch\/?v=123978602883945\" target=\"_blank\" rel=\"noopener\">Facebook Live<\/a>.<\/p>\n","protected":false},"excerpt":{"rendered":"<p>Un importante n\u00famero de personas siguieron el evento que se emiti\u00f3 en vivo el \u00faltimo domingo. Si no lo viste<\/p>\n","protected":false},"author":3,"featured_media":13834,"comment_status":"closed","ping_status":"closed","sticky":false,"template":"","format":"standard","meta":{"_jetpack_memberships_contains_paid_content":false,"footnotes":""},"categories":[9,1],"tags":[],"class_list":["post-13830","post","type-post","status-publish","format-standard","has-post-thumbnail","hentry","category-cultura","category-portada"],"jetpack_featured_media_url":"https:\/\/i0.wp.com\/cdnoticias.com\/wp-content\/uploads\/2021\/02\/IMG-20210215-WA0071.jpg?fit=1280%2C720&ssl=1","jetpack_sharing_enabled":true,"_links":{"self":[{"href":"https:\/\/cdnoticias.com\/index.php\/wp-json\/wp\/v2\/posts\/13830","targetHints":{"allow":["GET"]}}],"collection":[{"href":"https:\/\/cdnoticias.com\/index.php\/wp-json\/wp\/v2\/posts"}],"about":[{"href":"https:\/\/cdnoticias.com\/index.php\/wp-json\/wp\/v2\/types\/post"}],"author":[{"embeddable":true,"href":"https:\/\/cdnoticias.com\/index.php\/wp-json\/wp\/v2\/users\/3"}],"replies":[{"embeddable":true,"href":"https:\/\/cdnoticias.com\/index.php\/wp-json\/wp\/v2\/comments?post=13830"}],"version-history":[{"count":0,"href":"https:\/\/cdnoticias.com\/index.php\/wp-json\/wp\/v2\/posts\/13830\/revisions"}],"wp:featuredmedia":[{"embeddable":true,"href":"https:\/\/cdnoticias.com\/index.php\/wp-json\/wp\/v2\/media\/13834"}],"wp:attachment":[{"href":"https:\/\/cdnoticias.com\/index.php\/wp-json\/wp\/v2\/media?parent=13830"}],"wp:term":[{"taxonomy":"category","embeddable":true,"href":"https:\/\/cdnoticias.com\/index.php\/wp-json\/wp\/v2\/categories?post=13830"},{"taxonomy":"post_tag","embeddable":true,"href":"https:\/\/cdnoticias.com\/index.php\/wp-json\/wp\/v2\/tags?post=13830"}],"curies":[{"name":"wp","href":"https:\/\/api.w.org\/{rel}","templated":true}]}}