{"id":138298,"date":"2023-04-05T13:37:56","date_gmt":"2023-04-05T16:37:56","guid":{"rendered":"http:\/\/centraldeportes.com.ar\/?p=33308"},"modified":"2025-02-11T14:52:22","modified_gmt":"2025-02-11T17:52:22","slug":"termino-la-participacion-de-gimenez-y-tambucci-en-la-liga-argentina","status":"publish","type":"post","link":"https:\/\/cdnoticias.com\/index.php\/2023\/04\/05\/termino-la-participacion-de-gimenez-y-tambucci-en-la-liga-argentina\/","title":{"rendered":"Termin\u00f3 la participaci\u00f3n de Gim\u00e9nez y Tambucci en La Liga Argentina"},"content":{"rendered":"<p>Se jug\u00f3 el Play-In de la Conferencia Norte y fue con derrota para el equipo que contaba con Nicol\u00e1s Gim\u00e9nez y Luciano Tambucci.<!--more--><\/p>\n<hr \/>\n<p>J\u00e1chal cay\u00f3 ante Salta Basket por 101 a 80 en el Papa Francisco que se vio colmado y termin\u00f3 su participaci\u00f3n en la temporada 22\/23 de La Liga Argentina.<\/p>\n<p>&nbsp;<\/p>\n<p>El conjunto salte\u00f1o de Los Infernales plant\u00f3 bandera en tierras sanjuaninas y se qued\u00f3 con un triunfazo a pesar de que en el local pusieron la cara por su equipo Ismael Sarruff, Nicol\u00e1s Gim\u00e9nez y Luciano Tambbuci quienes intentaron pelear y defender los colores de la ciudad, pero no les alcanz\u00f3.<\/p>\n<p>&nbsp;<\/p>\n<p>Nicol\u00e1s Gim\u00e9nez regres\u00f3 de la lesi\u00f3n y sum\u00f3 15 puntos, 6 rebotes y 3 asistencias en 24:37 minutos, mientras que Luciano Tambucci aport\u00f3 13 puntos, 4 rebotes y una asistencia en 32:15.<\/p>\n","protected":false},"excerpt":{"rendered":"<p>Se jug\u00f3 el Play-In de la Conferencia Norte y fue con derrota para el equipo que contaba con Nicol\u00e1s Gim\u00e9nez<\/p>\n","protected":false},"author":96739694,"featured_media":154069,"comment_status":"closed","ping_status":"closed","sticky":false,"template":"","format":"standard","meta":{"_jetpack_memberships_contains_paid_content":false,"footnotes":""},"categories":[31,32,1],"tags":[],"class_list":["post-138298","post","type-post","status-publish","format-standard","has-post-thumbnail","hentry","category-basquet","category-liga-argentina","category-portada"],"jetpack_featured_media_url":"https:\/\/i0.wp.com\/cdnoticias.com\/wp-content\/uploads\/2023\/03\/tambucci.jpg?fit=800%2C445&ssl=1","jetpack_sharing_enabled":true,"_links":{"self":[{"href":"https:\/\/cdnoticias.com\/index.php\/wp-json\/wp\/v2\/posts\/138298","targetHints":{"allow":["GET"]}}],"collection":[{"href":"https:\/\/cdnoticias.com\/index.php\/wp-json\/wp\/v2\/posts"}],"about":[{"href":"https:\/\/cdnoticias.com\/index.php\/wp-json\/wp\/v2\/types\/post"}],"author":[{"embeddable":true,"href":"https:\/\/cdnoticias.com\/index.php\/wp-json\/wp\/v2\/users\/96739694"}],"replies":[{"embeddable":true,"href":"https:\/\/cdnoticias.com\/index.php\/wp-json\/wp\/v2\/comments?post=138298"}],"version-history":[{"count":0,"href":"https:\/\/cdnoticias.com\/index.php\/wp-json\/wp\/v2\/posts\/138298\/revisions"}],"wp:featuredmedia":[{"embeddable":true,"href":"https:\/\/cdnoticias.com\/index.php\/wp-json\/wp\/v2\/media\/154069"}],"wp:attachment":[{"href":"https:\/\/cdnoticias.com\/index.php\/wp-json\/wp\/v2\/media?parent=138298"}],"wp:term":[{"taxonomy":"category","embeddable":true,"href":"https:\/\/cdnoticias.com\/index.php\/wp-json\/wp\/v2\/categories?post=138298"},{"taxonomy":"post_tag","embeddable":true,"href":"https:\/\/cdnoticias.com\/index.php\/wp-json\/wp\/v2\/tags?post=138298"}],"curies":[{"name":"wp","href":"https:\/\/api.w.org\/{rel}","templated":true}]}}