{"id":138295,"date":"2023-04-05T02:08:40","date_gmt":"2023-04-05T05:08:40","guid":{"rendered":"http:\/\/centraldeportes.com.ar\/?p=33292"},"modified":"2025-02-11T14:52:26","modified_gmt":"2025-02-11T17:52:26","slug":"participacion-reducida-de-olavarrienses-en-el-federal-a","status":"publish","type":"post","link":"https:\/\/cdnoticias.com\/index.php\/2023\/04\/05\/participacion-reducida-de-olavarrienses-en-el-federal-a\/","title":{"rendered":"Participaci\u00f3n reducida de olavarrienses en el Federal A"},"content":{"rendered":"<p>La tercera categor\u00eda del f\u00fatbol nacional disput\u00f3 el pasado fin de semana la 4\u00b0 fecha del campeonato y de los siete jugadores locales en la divisi\u00f3n solo jugaron cinco.<!--more--><\/p>\n<hr \/>\n<p>Entre s\u00e1bado y domingo pasado, el<strong> Torneo Federal A<\/strong> jug\u00f3 por completo los 16 partidos correspondientes a la <strong>4\u00b0 cita del certamen<\/strong> con acci\u00f3n en las cuatro zonas. Debido a que Santamarina descans\u00f3 en la Zona A y Douglas Haig lo hizo en el Grupo C, <strong>Quimey Mar\u00edn y Agust\u00edn Osinaga no tuvieron actividad<\/strong>.<\/p>\n<p>&nbsp;<\/p>\n<p>Sin embargo, por la Zona del \u201cSanta\u201d, Sansinena se hizo fuerte en General Cerri, derrot\u00f3 2 a 1 a Sol de Mayo de Viedma y trep\u00f3 a la cima del grupo con 8 unidades.<strong> En el \u201cTripero\u201d, Leonardo Vitale integr\u00f3 la formaci\u00f3n inicial<\/strong> y jug\u00f3 todo el encuentro, mientras que <strong>Facundo Wiechniak ingres\u00f3 a los 39\u2019 de la etapa complementaria<\/strong> en reemplazo de Branco Mera.<\/p>\n<p>&nbsp;<\/p>\n<p>En paralelo, pero en Nicanor Otamendi, Olimpo visit\u00f3 a C\u00edrculo Deportivo y se llev\u00f3 la victoria a domicilio. El \u201cAurinegro\u201d, que a\u00fan sigue invicto, derrot\u00f3 2 a 0 al \u201cPapero\u201d y junto con Liniers, son escoltas de Sansinena con 7 puntos. <strong>Nadir Hadad estuvo entre los suplentes del elenco bahiense y entr\u00f3 a los 77\u2019 por Santiago Guti\u00e9rrez.<\/strong><\/p>\n<p>&nbsp;<\/p>\n<p>Por otra parte el domingo, Ciudad de Bol\u00edvar enfrent\u00f3 en San Juan a Sportivo Pe\u00f1arol y empat\u00f3 sin goles. El ex Embajadores, <strong>Franco Irusta, inici\u00f3 como titular en las \u201c\u00c1guilas\u201d y Alfredo Troncoso ingres\u00f3 a los 22\u2019 del segundo tiempo<\/strong> en sustituci\u00f3n de Bruno Rodr\u00edguez.<\/p>\n<p>&nbsp;<\/p>\n<p><em><strong>Foto: Leonardo Vitale\/Sansinena.<\/strong><\/em><\/p>\n","protected":false},"excerpt":{"rendered":"<p>La tercera categor\u00eda del f\u00fatbol nacional disput\u00f3 el pasado fin de semana la 4\u00b0 fecha del campeonato y de los<\/p>\n","protected":false},"author":96739694,"featured_media":154385,"comment_status":"closed","ping_status":"closed","sticky":false,"template":"","format":"standard","meta":{"_jetpack_memberships_contains_paid_content":false,"footnotes":""},"categories":[35,37,1],"tags":[],"class_list":["post-138295","post","type-post","status-publish","format-standard","has-post-thumbnail","hentry","category-futbol","category-futbol-profesional","category-portada"],"jetpack_featured_media_url":"https:\/\/i0.wp.com\/cdnoticias.com\/wp-content\/uploads\/2023\/04\/Sansinena-Federal-A-2023-Vitale-Wiechniak-e1680671216385.jpeg?fit=1080%2C631&ssl=1","jetpack_sharing_enabled":true,"_links":{"self":[{"href":"https:\/\/cdnoticias.com\/index.php\/wp-json\/wp\/v2\/posts\/138295","targetHints":{"allow":["GET"]}}],"collection":[{"href":"https:\/\/cdnoticias.com\/index.php\/wp-json\/wp\/v2\/posts"}],"about":[{"href":"https:\/\/cdnoticias.com\/index.php\/wp-json\/wp\/v2\/types\/post"}],"author":[{"embeddable":true,"href":"https:\/\/cdnoticias.com\/index.php\/wp-json\/wp\/v2\/users\/96739694"}],"replies":[{"embeddable":true,"href":"https:\/\/cdnoticias.com\/index.php\/wp-json\/wp\/v2\/comments?post=138295"}],"version-history":[{"count":0,"href":"https:\/\/cdnoticias.com\/index.php\/wp-json\/wp\/v2\/posts\/138295\/revisions"}],"wp:featuredmedia":[{"embeddable":true,"href":"https:\/\/cdnoticias.com\/index.php\/wp-json\/wp\/v2\/media\/154385"}],"wp:attachment":[{"href":"https:\/\/cdnoticias.com\/index.php\/wp-json\/wp\/v2\/media?parent=138295"}],"wp:term":[{"taxonomy":"category","embeddable":true,"href":"https:\/\/cdnoticias.com\/index.php\/wp-json\/wp\/v2\/categories?post=138295"},{"taxonomy":"post_tag","embeddable":true,"href":"https:\/\/cdnoticias.com\/index.php\/wp-json\/wp\/v2\/tags?post=138295"}],"curies":[{"name":"wp","href":"https:\/\/api.w.org\/{rel}","templated":true}]}}