{"id":138281,"date":"2023-04-02T17:56:07","date_gmt":"2023-04-02T20:56:07","guid":{"rendered":"http:\/\/centraldeportes.com.ar\/?p=33158"},"modified":"2025-02-11T13:41:10","modified_gmt":"2025-02-11T16:41:10","slug":"atletas-de-el-fortin-se-presentaron-en-el-campeonato-nacional-sub20","status":"publish","type":"post","link":"https:\/\/cdnoticias.com\/index.php\/2023\/04\/02\/atletas-de-el-fortin-se-presentaron-en-el-campeonato-nacional-sub20\/","title":{"rendered":"Atletas de El Fort\u00edn se presentaron en el Campeonato Nacional Sub20"},"content":{"rendered":"<p>Ignacio Alga\u00f1araz y Tatiana Tonel completaron buenas actuaciones en el Campeonato Nacional Sub20 que se llev\u00f3 a cabo en Rosario durante el fin de semana.<!--more--><\/p>\n<hr \/>\n<p>En el estadio Municipal Jorge Newbery ubicado en el parque de la Independencia y con la participaci\u00f3n, como invitados, de atletas de Uruguay y Paraguay, se complet\u00f3 la participaci\u00f3n de los atletas de El Fort\u00edn.<\/p>\n<p>&nbsp;<\/p>\n<p>El primero en salir a pista al certamen fiscalizado por la Confederaci\u00f3n Argentina de Atletismo y organizado por la Asociaci\u00f3n Rosarina de Atletismo fue Ignacio Alga\u00f1araz que se present\u00f3 en los 400 metros y con un registro de 53.78 logr\u00f3 el quinto puesto en su serie.<\/p>\n<p>&nbsp;<\/p>\n<p>Ya en el segundo d\u00eda de competencia, Alga\u00f1araz corri\u00f3 en los 400 metros con vallas y repiti\u00f3 colocaci\u00f3n, fue quinto en su serie con 1:02.27 y fue 13\u00b0 en la clasificaci\u00f3n final.<\/p>\n<p>&nbsp;<\/p>\n<p>Por su parte, Tatiana Tonel logr\u00f3 el cuarto puesto en su serie y mismo lugar en la general con un tiempo de 1:10.79 y debi\u00f3 resignarse al pelear por el \u00faltimo lugar del podio porque su 8\u00b0 valla no fue bajada a la altura reglamentaria lo que gener\u00f3 que impactara contra el obst\u00e1culo.<\/p>\n<p>&nbsp;<\/p>\n<p>En la posta 4&#215;400 mts de Varones con Ignacio Alga\u00f1araz representando a Provincia de Buenos Aires,\u00a0 lograron la 4ta colocaci\u00f3n con un tiempo de 3.27.36.<\/p>\n<p>&nbsp;<\/p>\n<p>Luego, por el lado de las Damas en\u00a0la posta 4&#215;400 mts\u00a0con\u00a0 Tatiana Tonel formando parte del equipo de Provincia de Buenos Aires,\u00a0lograron la 3era posici\u00f3n y medalla de bronce con un tiempo de 4.07.34.<\/p>\n","protected":false},"excerpt":{"rendered":"<p>Ignacio Alga\u00f1araz y Tatiana Tonel completaron buenas actuaciones en el Campeonato Nacional Sub20 que se llev\u00f3 a cabo en Rosario<\/p>\n","protected":false},"author":96739694,"featured_media":154313,"comment_status":"closed","ping_status":"closed","sticky":false,"template":"","format":"standard","meta":{"_jetpack_memberships_contains_paid_content":false,"footnotes":""},"categories":[38,1],"tags":[],"class_list":["post-138281","post","type-post","status-publish","format-standard","has-post-thumbnail","hentry","category-pedestrismo","category-portada"],"jetpack_featured_media_url":"https:\/\/i0.wp.com\/cdnoticias.com\/wp-content\/uploads\/2023\/04\/WhatsApp-Image-2023-04-02-at-13.49.49.jpeg?fit=1199%2C703&ssl=1","jetpack_sharing_enabled":true,"_links":{"self":[{"href":"https:\/\/cdnoticias.com\/index.php\/wp-json\/wp\/v2\/posts\/138281","targetHints":{"allow":["GET"]}}],"collection":[{"href":"https:\/\/cdnoticias.com\/index.php\/wp-json\/wp\/v2\/posts"}],"about":[{"href":"https:\/\/cdnoticias.com\/index.php\/wp-json\/wp\/v2\/types\/post"}],"author":[{"embeddable":true,"href":"https:\/\/cdnoticias.com\/index.php\/wp-json\/wp\/v2\/users\/96739694"}],"replies":[{"embeddable":true,"href":"https:\/\/cdnoticias.com\/index.php\/wp-json\/wp\/v2\/comments?post=138281"}],"version-history":[{"count":0,"href":"https:\/\/cdnoticias.com\/index.php\/wp-json\/wp\/v2\/posts\/138281\/revisions"}],"wp:featuredmedia":[{"embeddable":true,"href":"https:\/\/cdnoticias.com\/index.php\/wp-json\/wp\/v2\/media\/154313"}],"wp:attachment":[{"href":"https:\/\/cdnoticias.com\/index.php\/wp-json\/wp\/v2\/media?parent=138281"}],"wp:term":[{"taxonomy":"category","embeddable":true,"href":"https:\/\/cdnoticias.com\/index.php\/wp-json\/wp\/v2\/categories?post=138281"},{"taxonomy":"post_tag","embeddable":true,"href":"https:\/\/cdnoticias.com\/index.php\/wp-json\/wp\/v2\/tags?post=138281"}],"curies":[{"name":"wp","href":"https:\/\/api.w.org\/{rel}","templated":true}]}}