{"id":138280,"date":"2023-04-02T12:39:34","date_gmt":"2023-04-02T15:39:34","guid":{"rendered":"http:\/\/centraldeportes.com.ar\/?p=33156"},"modified":"2025-02-11T13:41:12","modified_gmt":"2025-02-11T16:41:12","slug":"gustavo-y-cecilia-fernandez-dominaron-en-la-carrera-de-malvinas","status":"publish","type":"post","link":"https:\/\/cdnoticias.com\/index.php\/2023\/04\/02\/gustavo-y-cecilia-fernandez-dominaron-en-la-carrera-de-malvinas\/","title":{"rendered":"Gustavo y Cecilia Fern\u00e1ndez dominaron en la Carrera de Malvinas"},"content":{"rendered":"<p>La tradicional competencia pedestre alusiva al 2 de abril celebr\u00f3 su 16\u00b0 edici\u00f3n y \u00a0se corri\u00f3 en la ma\u00f1ana de este domingo en las inmediaciones de la Plaza Aguado. Hubo cerca de 280 corredores que se alistaron para las dos pruebas programadas.<!--more--><\/p>\n<hr \/>\n<p>La ma\u00f1ana de este domingo inici\u00f3 con el desarrollo de una de las pruebas pedestres con m\u00e1s trayectoria en la ciudad, organizada por la <strong>Agrupaci\u00f3n Veteranos de Guerra de Olavarr\u00eda<\/strong> y fiscalizada por el <strong>C\u00edrculo de Atletas Veteranos de Olavarr\u00eda<\/strong> (CAVO).<\/p>\n<p>&nbsp;<\/p>\n<p>La <strong>16\u00b0 edici\u00f3n de la Carrera de Malvinas<\/strong> se congreg\u00f3 en las inmediaciones de la Plaza Aguado y<strong> tuvo como punto de largada y llegada las intersecciones de Almirante Brown casi Avenida Del Valle<\/strong>. De la misma <strong>participaron un total de 280 corredores<\/strong> de Olavarr\u00eda y la Regi\u00f3n, los cuales se alistaron para las pruebas de<strong> 3K<\/strong> y la principal, <strong>9 kil\u00f3metros<\/strong>. Posteriormente, se realizaron las carreras infantiles.<\/p>\n<p>&nbsp;<\/p>\n<p><strong>El ganador de la carrera de los 9K en la rama masculina fue el olavarriense Gustavo Fern\u00e1ndez<\/strong>, quien <strong>cruz\u00f3 la meta con un tiempo de 28 minutos y 20 segundos<\/strong>, seguido por <strong>Luciano Sosa<\/strong> con un registro de 29:12. Tiempo despu\u00e9s, <strong>Pablo Ingratta<\/strong> ocup\u00f3 el tercer escal\u00f3n del podio al cabo de 30:57.<\/p>\n<p>&nbsp;<\/p>\n<p>[soliloquy id=&#8221;33111&#8243;]<\/p>\n<p>&nbsp;<\/p>\n<p>Bajo el mismo recorrido, completaron la n\u00f3mina <strong>Ezequiel Magallanes<\/strong> con un tiempo de 31:21 en la cuarta posici\u00f3n y quinto fue <strong>Luis Baygorria<\/strong>, quien registr\u00f3 31:45 en el reloj.<\/p>\n<p>&nbsp;<\/p>\n<p>Por su parte <strong>en Damas, la victoria fue para la atleta local, Cecilia Fern\u00e1ndez, quien culmin\u00f3 la carrera a los 34 minutos y 30 segundos<\/strong> y fue seguida por <strong>Laura Trumpio<\/strong>, con un tiempo de 38:09 en el cron\u00f3metro. Segundos m\u00e1s tarde, arrib\u00f3 al \u00faltimo escal\u00f3n del podio <strong>Florencia Ju\u00e1rez<\/strong> a los 38:29 y completaron <strong>Mariela Oron\u00e1<\/strong> en el cuarto lugar (42:37) y<strong> Soledad Acu\u00f1a<\/strong>, de Benito Ju\u00e1rez, fue quinta con 42:54.<\/p>\n<p>&nbsp;<\/p>\n<p>A su vez, <strong>en la competencia participativa de 3 kil\u00f3metros, el primero en cruzar la meta fue Alfredo Ardiles<\/strong> a los 9 minutos y 36 segundos mientras que <strong>en Damas, la puntera fue Antonella Andrada<\/strong> con un registro de 12 minutos y 18 segundos.<\/p>\n","protected":false},"excerpt":{"rendered":"<p>La tradicional competencia pedestre alusiva al 2 de abril celebr\u00f3 su 16\u00b0 edici\u00f3n y \u00a0se corri\u00f3 en la ma\u00f1ana de<\/p>\n","protected":false},"author":96739694,"featured_media":154315,"comment_status":"closed","ping_status":"closed","sticky":false,"template":"","format":"standard","meta":{"_jetpack_memberships_contains_paid_content":false,"footnotes":""},"categories":[38,1],"tags":[],"class_list":["post-138280","post","type-post","status-publish","format-standard","has-post-thumbnail","hentry","category-pedestrismo","category-portada"],"jetpack_featured_media_url":"https:\/\/i0.wp.com\/cdnoticias.com\/wp-content\/uploads\/2023\/04\/maraton-malvinas-14.jpeg?fit=1500%2C1000&ssl=1","jetpack_sharing_enabled":true,"_links":{"self":[{"href":"https:\/\/cdnoticias.com\/index.php\/wp-json\/wp\/v2\/posts\/138280","targetHints":{"allow":["GET"]}}],"collection":[{"href":"https:\/\/cdnoticias.com\/index.php\/wp-json\/wp\/v2\/posts"}],"about":[{"href":"https:\/\/cdnoticias.com\/index.php\/wp-json\/wp\/v2\/types\/post"}],"author":[{"embeddable":true,"href":"https:\/\/cdnoticias.com\/index.php\/wp-json\/wp\/v2\/users\/96739694"}],"replies":[{"embeddable":true,"href":"https:\/\/cdnoticias.com\/index.php\/wp-json\/wp\/v2\/comments?post=138280"}],"version-history":[{"count":0,"href":"https:\/\/cdnoticias.com\/index.php\/wp-json\/wp\/v2\/posts\/138280\/revisions"}],"wp:featuredmedia":[{"embeddable":true,"href":"https:\/\/cdnoticias.com\/index.php\/wp-json\/wp\/v2\/media\/154315"}],"wp:attachment":[{"href":"https:\/\/cdnoticias.com\/index.php\/wp-json\/wp\/v2\/media?parent=138280"}],"wp:term":[{"taxonomy":"category","embeddable":true,"href":"https:\/\/cdnoticias.com\/index.php\/wp-json\/wp\/v2\/categories?post=138280"},{"taxonomy":"post_tag","embeddable":true,"href":"https:\/\/cdnoticias.com\/index.php\/wp-json\/wp\/v2\/tags?post=138280"}],"curies":[{"name":"wp","href":"https:\/\/api.w.org\/{rel}","templated":true}]}}