{"id":138275,"date":"2023-04-01T20:53:13","date_gmt":"2023-04-01T23:53:13","guid":{"rendered":"http:\/\/centraldeportes.com.ar\/?p=33083"},"modified":"2025-02-11T13:41:18","modified_gmt":"2025-02-11T16:41:18","slug":"estoy-ilusionado-de-jugar-con-uno-de-los-mas-laureados-de-espana","status":"publish","type":"post","link":"https:\/\/cdnoticias.com\/index.php\/2023\/04\/01\/estoy-ilusionado-de-jugar-con-uno-de-los-mas-laureados-de-espana\/","title":{"rendered":"\u201cEstoy ilusionado de jugar con uno de los m\u00e1s laureados de Espa\u00f1a\u201d"},"content":{"rendered":"<p>Federico Chingotto dialog\u00f3 en exclusiva con el canal Veinte Diez P\u00e1del y vaticin\u00f3 lo que ser\u00e1n sus pr\u00f3ximos partidos al lado de Francisco \u201cPaquito\u201d Navarro. Adem\u00e1s, el olavarriense se refiri\u00f3 al inicio de la temporada 2023 y dio detalles de c\u00f3mo fueron los momentos previos a la noticia de cambio de pareja.<!--more--><\/p>\n<hr \/>\n<p>Tras culminar la gira por Latinoam\u00e9rica, la temporada 2023 de <strong>World P\u00e1del Tour<\/strong> retorn\u00f3 a tierras espa\u00f1olas pero con varias modificaciones dentro de las parejas profesionales del circuito. Por tal motivo, el olavarriense<strong> Federico Chingotto<\/strong> no fue la excepci\u00f3n y en una <strong>entrevista exclusiva con Vente Diez P\u00e1del<\/strong>, junto a los periodistas\u00a0<strong>Isa\u00edas Blaiotta e Iv\u00e1n Sandler<\/strong>, hizo \u00e9nfasis en su nueva pareja, el hist\u00f3rico <strong>Francisco \u201cPaquito\u201d Navarro<\/strong>.<\/p>\n<p>&nbsp;<\/p>\n<p>\u201c<em><strong>Estoy ilusionado de jugar con uno de los m\u00e1s laureados de Espa\u00f1a, me va a aportar lo que me est\u00e1 faltando, que es un poco de experiencia en los momentos donde hace falta calm<\/strong>a<\/em>\u201d, dej\u00f3 en claro Chingotto y luego continu\u00f3 en la misma l\u00ednea: <em>\u201cCreo que <strong>Paco tiene el ADN del rev\u00e9s en su cuerpo<\/strong>, es un <strong>jugador de jerarqu\u00eda con muchos t\u00edtulos en la espalda<\/strong>, sin dudas eso suma much\u00edsimo\u201d<\/em>, destac\u00f3.<\/p>\n<p>&nbsp;<\/p>\n<p>La noticia primero se volvi\u00f3 viral en las redes sociales sin estar a\u00fan confirmada, pero una vez que se oficializ\u00f3, el \u201cS\u00faper Rat\u00f3n\u201d asegur\u00f3 que: <em>\u201c<strong>No cambio porque no se cumpli\u00f3 algo o no se logr\u00f3 lo que se esperaba<\/strong>, <strong>es un cambio personal, una apuesta<\/strong><\/em>\u201d. Adem\u00e1s, confirm\u00f3 que: \u201c<strong><em>Lo de Javi \u2013 Garrido \u2013 es para sacarse el sombrero porque se lo tom\u00f3 como un profesional y siempre tir\u00f3 para adelante<\/em><\/strong>\u201d.<\/p>\n<p>&nbsp;<\/p>\n<blockquote><p>\u201cVamos a tratar de hacer las cosas bien e ir engranando de a poco para sacar nuestra mejor versi\u00f3n\u201d<\/p><\/blockquote>\n<p>&nbsp;<\/p>\n<p>En base al comienzo de la temporada, \u201cFede\u201d cont\u00f3 que en el primer torneo no les fue como esperaban pero \u201c<em>De a poco fuimos levantando el nivel y creo que en <strong>Paraguay fue nuestro mejor torneo<\/strong><\/em>\u201d, enfatiz\u00f3. Asimismo, se anim\u00f3 a dar su opini\u00f3n sobre el circuito y dijo que: \u201c<strong><em>El nivel est\u00e1 alt\u00edsimo, cualquier pareja te puede mandar a casa de primeras<\/em><\/strong>\u201d, y que \u201c<strong><em>Se est\u00e1 volviendo todo muy f\u00edsico<\/em>\u201d<\/strong>, explic\u00f3.<\/p>\n<p>&nbsp;<\/p>\n<p><strong>El primer torneo que jugar\u00e1n juntos Federico Chingotto y \u201cPaquito\u201d Navarro ser\u00e1 el Open 1000 de Granada<\/strong> a realizarse desde el pr\u00f3ximo 8 al 16 de abril: \u201c<strong><em>Vamos a seguir al mando de Gaby \u2013 Reca -, Paco ya est\u00e1 entrenando y yo estoy en un torneo de exhibici\u00f3n en Miami ansioso ya por incorporarme con ellos<\/em><\/strong>\u201d<em>, <\/em>finaliz\u00f3.<\/p>\n<hr \/>\n<h6><strong>La entrevista completa:<\/strong><\/h6>\n<p>&nbsp;<\/p>\n<div class=\"jetpack-video-wrapper\"><iframe loading=\"lazy\" width=\"800\" height=\"450\" src=\"https:\/\/www.youtube.com\/embed\/L4zPfhjifqE?start=236&#038;feature=oembed\" frameborder=\"0\" allow=\"accelerometer; autoplay; clipboard-write; encrypted-media; gyroscope; picture-in-picture; web-share\" allowfullscreen title=\"FEDE CHINGOTTO ? EL LLAMADO DE PAQUITO Y &quot;EN REDES EXPLOT\u00d3 PERO NO ESTABA CERRADO&quot;\"><\/iframe><\/div>\n","protected":false},"excerpt":{"rendered":"<p>Federico Chingotto dialog\u00f3 en exclusiva con el canal Veinte Diez P\u00e1del y vaticin\u00f3 lo que ser\u00e1n sus pr\u00f3ximos partidos al<\/p>\n","protected":false},"author":96739694,"featured_media":150175,"comment_status":"closed","ping_status":"closed","sticky":false,"template":"","format":"standard","meta":{"_jetpack_memberships_contains_paid_content":false,"footnotes":""},"categories":[30,1],"tags":[],"class_list":["post-138275","post","type-post","status-publish","format-standard","has-post-thumbnail","hentry","category-polideportivo","category-portada"],"jetpack_featured_media_url":"https:\/\/i0.wp.com\/cdnoticias.com\/wp-content\/uploads\/2022\/12\/FkNTarxWQAEUlfQ-scaled.jpg?fit=2560%2C1439&ssl=1","jetpack_sharing_enabled":true,"_links":{"self":[{"href":"https:\/\/cdnoticias.com\/index.php\/wp-json\/wp\/v2\/posts\/138275","targetHints":{"allow":["GET"]}}],"collection":[{"href":"https:\/\/cdnoticias.com\/index.php\/wp-json\/wp\/v2\/posts"}],"about":[{"href":"https:\/\/cdnoticias.com\/index.php\/wp-json\/wp\/v2\/types\/post"}],"author":[{"embeddable":true,"href":"https:\/\/cdnoticias.com\/index.php\/wp-json\/wp\/v2\/users\/96739694"}],"replies":[{"embeddable":true,"href":"https:\/\/cdnoticias.com\/index.php\/wp-json\/wp\/v2\/comments?post=138275"}],"version-history":[{"count":0,"href":"https:\/\/cdnoticias.com\/index.php\/wp-json\/wp\/v2\/posts\/138275\/revisions"}],"wp:featuredmedia":[{"embeddable":true,"href":"https:\/\/cdnoticias.com\/index.php\/wp-json\/wp\/v2\/media\/150175"}],"wp:attachment":[{"href":"https:\/\/cdnoticias.com\/index.php\/wp-json\/wp\/v2\/media?parent=138275"}],"wp:term":[{"taxonomy":"category","embeddable":true,"href":"https:\/\/cdnoticias.com\/index.php\/wp-json\/wp\/v2\/categories?post=138275"},{"taxonomy":"post_tag","embeddable":true,"href":"https:\/\/cdnoticias.com\/index.php\/wp-json\/wp\/v2\/tags?post=138275"}],"curies":[{"name":"wp","href":"https:\/\/api.w.org\/{rel}","templated":true}]}}