{"id":138271,"date":"2023-04-01T11:01:59","date_gmt":"2023-04-01T14:01:59","guid":{"rendered":"http:\/\/centraldeportes.com.ar\/?p=33055"},"modified":"2025-02-11T13:41:26","modified_gmt":"2025-02-11T16:41:26","slug":"jugadores-de-estudiantes-junto-a-tres-campeones-del-mundo-en-espana","status":"publish","type":"post","link":"https:\/\/cdnoticias.com\/index.php\/2023\/04\/01\/jugadores-de-estudiantes-junto-a-tres-campeones-del-mundo-en-espana\/","title":{"rendered":"Jugadores de Estudiantes, junto a tres Campeones del Mundo en Espa\u00f1a"},"content":{"rendered":"<p>Una gran noticia lleg\u00f3 en las \u00faltimas horas y es que los jugadores de Estudiantes lograron compartir un grato momento junto a tres Campeones del Mundo.<!--more--><\/p>\n<hr \/>\n<p>Joaqu\u00edn Cunioli, Valentino Vecchio y Bautista Dume, y sus familias, de gira por Espa\u00f1a tuvieron la oportunidad este viernes de acceder al predio del Atl\u00e9tico de Madrid y conseguir aut\u00f3grafos y fotos junto a los Campeones del Mundo, Rodrigo De Paul, Nahuel Molina y \u00c1ngel Correa.<\/p>\n<p>&nbsp;<\/p>\n<div class=\"tiled-gallery type-rectangular tiled-gallery-unresized\" data-original-width=\"800\" data-carousel-extra='null' itemscope itemtype=\"http:\/\/schema.org\/ImageGallery\" > <div class=\"gallery-row\" style=\"width: 800px; height: 601px;\" data-original-width=\"800\" data-original-height=\"601\" > <div class=\"gallery-group images-1\" style=\"width: 800px; height: 601px;\" data-original-width=\"800\" data-original-height=\"601\" > <div class=\"tiled-gallery-item tiled-gallery-item-large\" itemprop=\"associatedMedia\" itemscope itemtype=\"http:\/\/schema.org\/ImageObject\"> <a href=\"https:\/\/i0.wp.com\/cdnoticias.com\/wp-content\/uploads\/2021\/09\/184142699_1125988681239434_6002100526951054896_n.jpg?ssl=1\" border=\"0\" itemprop=\"url\"> <meta itemprop=\"width\" content=\"796\"> <meta itemprop=\"height\" content=\"597\"> <img decoding=\"async\" class=\"\" data-attachment-id=\"33057\" data-orig-file=\"https:\/\/cdnoticias.com\/wp-content\/uploads\/2021\/09\/184142699_1125988681239434_6002100526951054896_n.jpg\" data-orig-size=\"1080,810\" data-comments-opened=\"\" data-image-meta=\"{&quot;aperture&quot;:&quot;0&quot;,&quot;credit&quot;:&quot;&quot;,&quot;camera&quot;:&quot;&quot;,&quot;caption&quot;:&quot;&quot;,&quot;created_timestamp&quot;:&quot;0&quot;,&quot;copyright&quot;:&quot;&quot;,&quot;focal_length&quot;:&quot;0&quot;,&quot;iso&quot;:&quot;0&quot;,&quot;shutter_speed&quot;:&quot;0&quot;,&quot;title&quot;:&quot;&quot;,&quot;orientation&quot;:&quot;0&quot;}\" data-image-title=\"184142699_1125988681239434_6002100526951054896_n\" data-image-description=\"\" data-medium-file=\"https:\/\/i0.wp.com\/cdnoticias.com\/wp-content\/uploads\/2021\/09\/184142699_1125988681239434_6002100526951054896_n.jpg?fit=300%2C225&#038;ssl=1\" data-large-file=\"https:\/\/i0.wp.com\/cdnoticias.com\/wp-content\/uploads\/2021\/09\/184142699_1125988681239434_6002100526951054896_n.jpg?fit=800%2C600&#038;ssl=1\" src=\"https:\/\/i0.wp.com\/cdnoticias.com\/wp-content\/uploads\/2021\/09\/184142699_1125988681239434_6002100526951054896_n.jpg?w=796&#038;h=597&#038;ssl=1\" srcset=\"https:\/\/i0.wp.com\/cdnoticias.com\/wp-content\/uploads\/2021\/09\/184142699_1125988681239434_6002100526951054896_n.jpg?w=1080&amp;ssl=1 1080w, https:\/\/i0.wp.com\/cdnoticias.com\/wp-content\/uploads\/2021\/09\/184142699_1125988681239434_6002100526951054896_n.jpg?resize=300%2C225&amp;ssl=1 300w, https:\/\/i0.wp.com\/cdnoticias.com\/wp-content\/uploads\/2021\/09\/184142699_1125988681239434_6002100526951054896_n.jpg?resize=768%2C576&amp;ssl=1 768w, https:\/\/i0.wp.com\/cdnoticias.com\/wp-content\/uploads\/2021\/09\/184142699_1125988681239434_6002100526951054896_n.jpg?resize=1024%2C768&amp;ssl=1 1024w\" width=\"796\" height=\"597\" loading=\"lazy\" data-original-width=\"796\" data-original-height=\"597\" itemprop=\"http:\/\/schema.org\/image\" title=\"184142699_1125988681239434_6002100526951054896_n\" alt=\"184142699_1125988681239434_6002100526951054896_n\" style=\"width: 796px; height: 597px;\" \/> <\/a> <\/div> <\/div> <!-- close group --> <\/div> <!-- close row --> <\/div>\n<p>&nbsp;<\/p>\n<p>Seg\u00fan contaron fueron los propios jugadores del seleccionado los que se acercaron a firmarles camisetas y charlar un poco durante su entrenamiento.<\/p>\n","protected":false},"excerpt":{"rendered":"<p>Una gran noticia lleg\u00f3 en las \u00faltimas horas y es que los jugadores de Estudiantes lograron compartir un grato momento<\/p>\n","protected":false},"author":96739694,"featured_media":154334,"comment_status":"closed","ping_status":"closed","sticky":false,"template":"","format":"standard","meta":{"_jetpack_memberships_contains_paid_content":false,"footnotes":""},"categories":[35,40,1],"tags":[],"class_list":["post-138271","post","type-post","status-publish","format-standard","has-post-thumbnail","hentry","category-futbol","category-inferiores","category-portada"],"jetpack_featured_media_url":"https:\/\/i0.wp.com\/cdnoticias.com\/wp-content\/uploads\/2023\/04\/WhatsApp-Image-2023-04-01-at-10.59.02.jpeg?fit=1280%2C720&ssl=1","jetpack_sharing_enabled":true,"_links":{"self":[{"href":"https:\/\/cdnoticias.com\/index.php\/wp-json\/wp\/v2\/posts\/138271","targetHints":{"allow":["GET"]}}],"collection":[{"href":"https:\/\/cdnoticias.com\/index.php\/wp-json\/wp\/v2\/posts"}],"about":[{"href":"https:\/\/cdnoticias.com\/index.php\/wp-json\/wp\/v2\/types\/post"}],"author":[{"embeddable":true,"href":"https:\/\/cdnoticias.com\/index.php\/wp-json\/wp\/v2\/users\/96739694"}],"replies":[{"embeddable":true,"href":"https:\/\/cdnoticias.com\/index.php\/wp-json\/wp\/v2\/comments?post=138271"}],"version-history":[{"count":0,"href":"https:\/\/cdnoticias.com\/index.php\/wp-json\/wp\/v2\/posts\/138271\/revisions"}],"wp:featuredmedia":[{"embeddable":true,"href":"https:\/\/cdnoticias.com\/index.php\/wp-json\/wp\/v2\/media\/154334"}],"wp:attachment":[{"href":"https:\/\/cdnoticias.com\/index.php\/wp-json\/wp\/v2\/media?parent=138271"}],"wp:term":[{"taxonomy":"category","embeddable":true,"href":"https:\/\/cdnoticias.com\/index.php\/wp-json\/wp\/v2\/categories?post=138271"},{"taxonomy":"post_tag","embeddable":true,"href":"https:\/\/cdnoticias.com\/index.php\/wp-json\/wp\/v2\/tags?post=138271"}],"curies":[{"name":"wp","href":"https:\/\/api.w.org\/{rel}","templated":true}]}}