{"id":138261,"date":"2023-09-30T15:45:29","date_gmt":"2023-09-30T18:45:29","guid":{"rendered":"https:\/\/centraldeportes.com.ar\/?p=42858"},"modified":"2025-02-12T21:59:55","modified_gmt":"2025-02-13T00:59:55","slug":"necesitabamos-ganar-para-levantar-el-animo-y-continuar-peleando-el-campeonato","status":"publish","type":"post","link":"https:\/\/cdnoticias.com\/index.php\/2023\/09\/30\/necesitabamos-ganar-para-levantar-el-animo-y-continuar-peleando-el-campeonato\/","title":{"rendered":"\u201cNecesit\u00e1bamos ganar para levantar el \u00e1nimo y continuar peleando el campeonato\u201d"},"content":{"rendered":"<p>Fue una de las frases que dej\u00f3 Diego Barzola, defensor de Embajadores, posterior al triunfo ante Municipales por el pendiente de la 1\u00b0 fecha del Torneo Oficial.<!--more--><\/p>\n<hr \/>\n<p>El vigente campe\u00f3n del f\u00fatbol olavarriense pudo recuperarse r\u00e1pido del <a href=\"https:\/\/cdnoticias.com\/en-la-jornada-de-clasicos-el-fortin-y-racing-quedaron-como-unicos-punteros\/\">tropez\u00f3n frente a Racing<\/a> y volvi\u00f3 a la senda de los tres puntos luego del <a href=\"https:\/\/cdnoticias.com\/el-torneo-oficial-esta-al-dia-embajadores-gano-y-se-acomodo-en-la-tabla\/\">festejo ante Municipales<\/a>. \u201c<strong><em>Por ah\u00ed no se pudo jugar como ven\u00edamos haci\u00e9ndolo en nuestra cancha, pero necesit\u00e1bamos ganar para levantar el \u00e1nimo y continuar peleando el campeonato<\/em><\/strong>\u201d, declar\u00f3 en primer t\u00e9rmino <strong>Diego Barzola<\/strong> una vez finalizado el encuentro en el \u201cTete\u201d Di Carlo.<\/p>\n<p>&nbsp;<\/p>\n<p>Durante el proceso del partido, Embajadores golpe\u00f3 dos veces sobre el final del primer tiempo \u2013 post expulsi\u00f3n de P\u00e9rez \u2013 y en el segundo no logr\u00f3 establecer la ventaja num\u00e9rica: \u201c<em><strong>Nos viene costando hacer nuestro juego en el sentido de salir jugando con los laterales<\/strong>. <strong>Los dem\u00e1s equipos ya nos tienen estudiado, hay que revertirlo<\/strong><\/em>\u201d, coment\u00f3 el defensor y luego prosigui\u00f3: \u201c<em>Sabemos que saliendo con los centrales y buscando el pase al medio por ah\u00ed vamos a poder contrarrestar los espacios que nos dejen los dem\u00e1s<\/em>\u201d justific\u00f3.<\/p>\n<p>&nbsp;<\/p>\n<p>A pesar de haber presentado una plantilla con algunas bajas importantes, el elenco de \u201cLucho\u201d Bilbao logr\u00f3 acomodarse en la tabla con la victoria conseguida: \u201c<strong><em>Juani \u2013Areco \u2013 es muy importante para nosotros, es un todoterreno. El Chiqui \u2013 G\u00f3mez \u2013 ocup\u00f3 su lugar y lo hizo muy bien, es un pibe que la viene peleando un mont\u00f3n y necesitamos que ellos tambi\u00e9n est\u00e9n porque se viene el Regional<\/em><\/strong>\u201d, destac\u00f3 el ex Racing.<\/p>\n<p>&nbsp;<\/p>\n<p>En lo defensivo, sobre todo en la segunda mitad, fue un gran partido para Barzola en el momento donde el conjunto de \u201cFatiga\u201d apret\u00f3 arriba: \u201c<strong><em>A veces hay que hacer el sacrificio<\/em><\/strong>\u201d, coment\u00f3 entre risas el defensor del CEO y m\u00e1s tarde finaliz\u00f3: \u201c<strong><em>A m\u00ed me gusta mucho salir jugando, pero cuando no se puede hay que defender. Hicimos un buen trabajo todos<\/em><\/strong>\u201d.<\/p>\n","protected":false},"excerpt":{"rendered":"<p>Fue una de las frases que dej\u00f3 Diego Barzola, defensor de Embajadores, posterior al triunfo ante Municipales por el pendiente<\/p>\n","protected":false},"author":96739694,"featured_media":157868,"comment_status":"closed","ping_status":"closed","sticky":false,"template":"","format":"standard","meta":{"_jetpack_memberships_contains_paid_content":false,"footnotes":""},"categories":[35,1,41],"tags":[],"class_list":["post-138261","post","type-post","status-publish","format-standard","has-post-thumbnail","hentry","category-futbol","category-portada","category-primera-y-reserva"],"jetpack_featured_media_url":"https:\/\/i0.wp.com\/cdnoticias.com\/wp-content\/uploads\/2023\/09\/Diego-Barzola-Embajadores.png?fit=1200%2C900&ssl=1","jetpack_sharing_enabled":true,"_links":{"self":[{"href":"https:\/\/cdnoticias.com\/index.php\/wp-json\/wp\/v2\/posts\/138261","targetHints":{"allow":["GET"]}}],"collection":[{"href":"https:\/\/cdnoticias.com\/index.php\/wp-json\/wp\/v2\/posts"}],"about":[{"href":"https:\/\/cdnoticias.com\/index.php\/wp-json\/wp\/v2\/types\/post"}],"author":[{"embeddable":true,"href":"https:\/\/cdnoticias.com\/index.php\/wp-json\/wp\/v2\/users\/96739694"}],"replies":[{"embeddable":true,"href":"https:\/\/cdnoticias.com\/index.php\/wp-json\/wp\/v2\/comments?post=138261"}],"version-history":[{"count":0,"href":"https:\/\/cdnoticias.com\/index.php\/wp-json\/wp\/v2\/posts\/138261\/revisions"}],"wp:featuredmedia":[{"embeddable":true,"href":"https:\/\/cdnoticias.com\/index.php\/wp-json\/wp\/v2\/media\/157868"}],"wp:attachment":[{"href":"https:\/\/cdnoticias.com\/index.php\/wp-json\/wp\/v2\/media?parent=138261"}],"wp:term":[{"taxonomy":"category","embeddable":true,"href":"https:\/\/cdnoticias.com\/index.php\/wp-json\/wp\/v2\/categories?post=138261"},{"taxonomy":"post_tag","embeddable":true,"href":"https:\/\/cdnoticias.com\/index.php\/wp-json\/wp\/v2\/tags?post=138261"}],"curies":[{"name":"wp","href":"https:\/\/api.w.org\/{rel}","templated":true}]}}