{"id":138260,"date":"2023-09-30T02:45:06","date_gmt":"2023-09-30T05:45:06","guid":{"rendered":"https:\/\/centraldeportes.com.ar\/?p=42849"},"modified":"2025-02-12T22:00:00","modified_gmt":"2025-02-13T01:00:00","slug":"ferro-y-el-fortin-ganaron-en-el-cierre-de-la-fecha","status":"publish","type":"post","link":"https:\/\/cdnoticias.com\/index.php\/2023\/09\/30\/ferro-y-el-fortin-ganaron-en-el-cierre-de-la-fecha\/","title":{"rendered":"Ferro y El Fort\u00edn ganaron en el cierre de la fecha"},"content":{"rendered":"<p>En la noche de este viernes concluy\u00f3 una nueva fecha del Torneo Clausura organizado por la Asociaci\u00f3n de B\u00e1squet de Olavarr\u00eda y fue con victorias de Ferro y El Fort\u00edn.<!--more--><\/p>\n<hr \/>\n<p>&#8220;Carboneros&#8221; y &#8220;Fortineros&#8221; se reencontraron con el triunfo en el segundo torneo del a\u00f1o del b\u00e1squet local.<\/p>\n<p>&nbsp;<\/p>\n<p>En el Amadeo Bellingeri, los &#8220;Fortineros&#8221; derrotaron a Chacarita con <strong>26 puntos de Pablo Negretti<\/strong> y <strong>24 de Tom\u00e1s Baffo<\/strong>.<\/p>\n<p>&nbsp;<\/p>\n<p>Los dirigidos por Bruno Crivelli, por su parte, se impusieron ante San Mart\u00edn a pesar de su plantilla reducida. <strong>Tom\u00e1s Pietrafesa con 27 puntos fue el m\u00e1ximo anotador del partido<\/strong>.<\/p>\n<p>&nbsp;<\/p>\n<p>Completada la 5\u00b0 fecha, los dos Racing marchan l\u00edderes y <strong>el domingo se jugar\u00e1 el pendiente entre Chacarita y San Mart\u00edn, en el gimnasio azule\u00f1o<\/strong>.<\/p>\n<p>&nbsp;<\/p>\n<ul>\n<li>\n<h6><strong>Los resultados:<\/strong><\/h6>\n<\/li>\n<\/ul>\n<p>El Fort\u00edn <strong>80 &#8211; 73<\/strong> Chacarita (Azul)<\/p>\n<p>San Mart\u00edn <strong>55 &#8211; 80<\/strong> Ferro Carril Sud<\/p>\n<p>&nbsp;<\/p>\n<p><img data-recalc-dims=\"1\" loading=\"lazy\" decoding=\"async\" class=\"aligncenter size-full wp-image-42852\" src=\"https:\/\/i0.wp.com\/cdnoticias.com\/wp-content\/uploads\/2023\/09\/Posiciones-parcial-ABO-5%C2%B0-fecha-Clausura.png?resize=783%2C485&#038;ssl=1\" alt=\"\" width=\"783\" height=\"485\" \/><\/p>\n<p>&nbsp;<\/p>\n<p><em><strong>Foto: Gentileza de Fabi\u00e1n Casanella.<\/strong><\/em><\/p>\n<hr \/>\n<p><strong>S\u00edntesis El Fort\u00edn &#8211; Chacarita:<\/strong><\/p>\n<p>Estadio: Amadeo Bellingeri.<\/p>\n<p><strong>El Fort\u00edn (80): Negretti (26), Leuful (2), Navarro (9), Baffo (24), Funes (9) &#8211; FI &#8211; Vistalli (0), Ferreyra (7), Lerchundi (3). DT &#8211; Diego Lancione.<\/strong><\/p>\n<p><strong>Chacarita (73): Schwab (12), Mingarro (14), Borra, F. (0), Acevedo (19), Borra, R. (1) &#8211; FI &#8211; Portillo (0), Pioli (1), Maica (0), Migliazzo (13), Regalado (13). DT &#8211; Mart\u00edn Encinas.<\/strong><\/p>\n<p>Parciales: 19 &#8211; 13; 31 &#8211; 32; 49 &#8211; 55 y 80 &#8211; 73.<\/p>\n","protected":false},"excerpt":{"rendered":"<p>En la noche de este viernes concluy\u00f3 una nueva fecha del Torneo Clausura organizado por la Asociaci\u00f3n de B\u00e1squet de<\/p>\n","protected":false},"author":96739694,"featured_media":157871,"comment_status":"closed","ping_status":"closed","sticky":false,"template":"","format":"standard","meta":{"_jetpack_memberships_contains_paid_content":false,"footnotes":""},"categories":[31,1,43],"tags":[],"class_list":["post-138260","post","type-post","status-publish","format-standard","has-post-thumbnail","hentry","category-basquet","category-portada","category-primera"],"jetpack_featured_media_url":"https:\/\/i0.wp.com\/cdnoticias.com\/wp-content\/uploads\/2023\/09\/El-Fortin-baquet-5%C2%B0-fecha-Clausura-ABO-e1696052631961.jpeg?fit=1200%2C732&ssl=1","jetpack_sharing_enabled":true,"_links":{"self":[{"href":"https:\/\/cdnoticias.com\/index.php\/wp-json\/wp\/v2\/posts\/138260","targetHints":{"allow":["GET"]}}],"collection":[{"href":"https:\/\/cdnoticias.com\/index.php\/wp-json\/wp\/v2\/posts"}],"about":[{"href":"https:\/\/cdnoticias.com\/index.php\/wp-json\/wp\/v2\/types\/post"}],"author":[{"embeddable":true,"href":"https:\/\/cdnoticias.com\/index.php\/wp-json\/wp\/v2\/users\/96739694"}],"replies":[{"embeddable":true,"href":"https:\/\/cdnoticias.com\/index.php\/wp-json\/wp\/v2\/comments?post=138260"}],"version-history":[{"count":0,"href":"https:\/\/cdnoticias.com\/index.php\/wp-json\/wp\/v2\/posts\/138260\/revisions"}],"wp:featuredmedia":[{"embeddable":true,"href":"https:\/\/cdnoticias.com\/index.php\/wp-json\/wp\/v2\/media\/157871"}],"wp:attachment":[{"href":"https:\/\/cdnoticias.com\/index.php\/wp-json\/wp\/v2\/media?parent=138260"}],"wp:term":[{"taxonomy":"category","embeddable":true,"href":"https:\/\/cdnoticias.com\/index.php\/wp-json\/wp\/v2\/categories?post=138260"},{"taxonomy":"post_tag","embeddable":true,"href":"https:\/\/cdnoticias.com\/index.php\/wp-json\/wp\/v2\/tags?post=138260"}],"curies":[{"name":"wp","href":"https:\/\/api.w.org\/{rel}","templated":true}]}}