{"id":138259,"date":"2023-09-30T02:06:08","date_gmt":"2023-09-30T05:06:08","guid":{"rendered":"https:\/\/centraldeportes.com.ar\/?p=42844"},"modified":"2025-02-12T22:00:02","modified_gmt":"2025-02-13T01:00:02","slug":"gabriel-denava-diserto-para-el-futbol-femenino-de-olavarria","status":"publish","type":"post","link":"https:\/\/cdnoticias.com\/index.php\/2023\/09\/30\/gabriel-denava-diserto-para-el-futbol-femenino-de-olavarria\/","title":{"rendered":"Gabriel Denava disert\u00f3 para el f\u00fatbol femenino de Olavarr\u00eda"},"content":{"rendered":"<p>A largo de este viernes, el preparador f\u00edsico del Seleccionado femenino juvenil brind\u00f3 una cl\u00ednica deportiva de car\u00e1cter profesional en Racing Club.<!--more--><\/p>\n<hr \/>\n<p>Bajo la atenta mirada de entrenadores, profesores, preparadores f\u00edsicos y varias jugadoras del \u00e1mbito local, <strong>este viernes se llev\u00f3 adelante una capacitaci\u00f3n profesional de f\u00fatbol femenino en las instalaciones \u201cChairas\u201d<\/strong>.<\/p>\n<p>&nbsp;<\/p>\n<p>La actividad <strong>estuvo encabezada por el Licenciado en Educaci\u00f3n f\u00edsica Gabriel Denava<\/strong>, quien tambi\u00e9n se desempe\u00f1a como preparador f\u00edsico del Seleccionado femenino de f\u00fatbol Sub 17 y Sub 20.<\/p>\n<p>&nbsp;<\/p>\n<p><img data-recalc-dims=\"1\" loading=\"lazy\" decoding=\"async\" class=\"aligncenter size-large wp-image-42846\" src=\"https:\/\/i0.wp.com\/cdnoticias.com\/wp-content\/uploads\/2023\/09\/Capacitacion-futbol-femenino1.jpeg?resize=800%2C532&#038;ssl=1\" alt=\"\" width=\"800\" height=\"532\" \/><\/p>\n<p>&nbsp;<\/p>\n<p>En horas de la ma\u00f1ana se llev\u00f3 a cabo la presentaci\u00f3n formal con la presencia del candidato a intendente <strong>Maximiliano Wesner<\/strong>, que fue el que gestion\u00f3 la velada impulsada por la Subsecretar\u00eda de Deportes de la provincia de Buenos Aires.<\/p>\n<p>&nbsp;<\/p>\n<p>Posteriormente, se procedi\u00f3 con la parte te\u00f3rica enfocada en c\u00f3mo trabajar la parte f\u00edsica y luego, durante la tarde, todo lo recabado se volc\u00f3 al campo de juego del Jos\u00e9 Buglione Martinese, donde se realiz\u00f3 la entrada en calor, ejercicios con peso y con pelota.<\/p>\n","protected":false},"excerpt":{"rendered":"<p>A largo de este viernes, el preparador f\u00edsico del Seleccionado femenino juvenil brind\u00f3 una cl\u00ednica deportiva de car\u00e1cter profesional en<\/p>\n","protected":false},"author":96739694,"featured_media":157874,"comment_status":"closed","ping_status":"closed","sticky":false,"template":"","format":"standard","meta":{"_jetpack_memberships_contains_paid_content":false,"footnotes":""},"categories":[47,35,1],"tags":[],"class_list":["post-138259","post","type-post","status-publish","format-standard","has-post-thumbnail","hentry","category-femenino","category-futbol","category-portada"],"jetpack_featured_media_url":"https:\/\/i0.wp.com\/cdnoticias.com\/wp-content\/uploads\/2023\/09\/Capacitacion-futbol-femenino.jpeg?fit=1200%2C798&ssl=1","jetpack_sharing_enabled":true,"_links":{"self":[{"href":"https:\/\/cdnoticias.com\/index.php\/wp-json\/wp\/v2\/posts\/138259","targetHints":{"allow":["GET"]}}],"collection":[{"href":"https:\/\/cdnoticias.com\/index.php\/wp-json\/wp\/v2\/posts"}],"about":[{"href":"https:\/\/cdnoticias.com\/index.php\/wp-json\/wp\/v2\/types\/post"}],"author":[{"embeddable":true,"href":"https:\/\/cdnoticias.com\/index.php\/wp-json\/wp\/v2\/users\/96739694"}],"replies":[{"embeddable":true,"href":"https:\/\/cdnoticias.com\/index.php\/wp-json\/wp\/v2\/comments?post=138259"}],"version-history":[{"count":0,"href":"https:\/\/cdnoticias.com\/index.php\/wp-json\/wp\/v2\/posts\/138259\/revisions"}],"wp:featuredmedia":[{"embeddable":true,"href":"https:\/\/cdnoticias.com\/index.php\/wp-json\/wp\/v2\/media\/157874"}],"wp:attachment":[{"href":"https:\/\/cdnoticias.com\/index.php\/wp-json\/wp\/v2\/media?parent=138259"}],"wp:term":[{"taxonomy":"category","embeddable":true,"href":"https:\/\/cdnoticias.com\/index.php\/wp-json\/wp\/v2\/categories?post=138259"},{"taxonomy":"post_tag","embeddable":true,"href":"https:\/\/cdnoticias.com\/index.php\/wp-json\/wp\/v2\/tags?post=138259"}],"curies":[{"name":"wp","href":"https:\/\/api.w.org\/{rel}","templated":true}]}}