{"id":138258,"date":"2023-09-30T00:50:20","date_gmt":"2023-09-30T03:50:20","guid":{"rendered":"https:\/\/centraldeportes.com.ar\/?p=42841"},"modified":"2025-02-12T22:00:04","modified_gmt":"2025-02-13T01:00:04","slug":"patinadores-y-patinadoras-de-todo-el-pais-participaron-de-la-3-maraton-de-rollers","status":"publish","type":"post","link":"https:\/\/cdnoticias.com\/index.php\/2023\/09\/30\/patinadores-y-patinadoras-de-todo-el-pais-participaron-de-la-3-maraton-de-rollers\/","title":{"rendered":"Patinadores y patinadoras de todo el pa\u00eds participaron de la 3\u00b0 Marat\u00f3n de Rollers"},"content":{"rendered":"<p>El evento, celebrado el pasado domingo, tuvo como escenario principal la avenida Pringles y cont\u00f3 con la participaci\u00f3n de m\u00e1s de 300 competidores de distintos puntos del pa\u00eds.<!--more--><\/p>\n<hr \/>\n<p>Pas\u00f3 con \u00e9xito la <strong>3\u00b0 edici\u00f3n de la Marat\u00f3n de Rollers<\/strong> <strong>organizada por la Subcomisi\u00f3n de Pat\u00edn Carrera y la Comisi\u00f3n Directiva del Club El Fort\u00edn y la Asociaci\u00f3n de Pat\u00edn del Centro<\/strong>, la cual se llev\u00f3 adelante en un trazado que alberg\u00f3 calles de nuestra ciudad y que tuvo como epicentro principal la avenida Pringles.<\/p>\n<p>&nbsp;<\/p>\n<p>Por tal motivo, se debi\u00f3 realizar un arduo trabajo de organizaci\u00f3n vehicular para evitar el tr\u00e1nsito en una de las principales calles de la ciudad.<\/p>\n<p>&nbsp;<\/p>\n<p>El evento, <strong>declarado previamente de inter\u00e9s legislativo por el Honorable Concejo Deliberante<\/strong>, se extendi\u00f3 hasta horas del mediod\u00eda y estuvo preparado para pruebas de <strong>30, 21, 12 y 5 kil\u00f3metros<\/strong> para todas las edades y diferentes categor\u00edas.<\/p>\n<p>&nbsp;<\/p>\n<p>Asimismo, tuvo en su haber 37 equipos de todo el territorio nacional con m\u00e1s de 270 competidores, la presencia de funcionarios municipales y un gran marco de p\u00fablico que se acerc\u00f3 para acompa\u00f1ar la jornada.<\/p>\n<p>&nbsp;<\/p>\n<p>Por su parte <strong>Andrea Ledesma<\/strong>, primera mujer en consagrarse Campeona Mundial M\u00e1ster de la Argentina, particip\u00f3 de la carrera y se adjudic\u00f3 el primer lugar en los 30K. En Caballeros fue triunfo para <strong>Sebasti\u00e1n Bengochea<\/strong>. A la par, en los 21K, la victoria en la rama femenina fue para <strong>Martina Moreno<\/strong>, mientras que en Caballeros el ganador fue <strong>Daniel Taboada<\/strong>.<\/p>\n<p>&nbsp;<\/p>\n<p>Adem\u00e1s, del evento participaron m\u00e1s de 30 patinadores y patinadores de la entidad \u201cFortinera\u201d (en 12,5 y 2K participativo), en conjunto con representantes del Club Hinojo y el Club Boca Junior.<\/p>\n<p>&nbsp;<\/p>\n<ul>\n<li>\n<h6><strong>Clasificaciones finales:<\/strong><\/h6>\n<\/li>\n<\/ul>\n<p>&nbsp;<\/p>\n<h6>21K General \u2013 Femenino:<\/h6>\n<p><strong>1\u00b0 Martina Moreno (Club San Jos\u00e9) \u2013 49:02.<\/strong><\/p>\n<p>2\u00b0 Roc\u00edo Zecca (Kimberley) \u2013 49:05.<\/p>\n<p>3\u00b0 Alma Josefina Portillo (San Lorenzo de Mar del Plata) \u2013 49:06.<\/p>\n<p>&nbsp;<\/p>\n<h6>21K General \u2013 Masculino:<\/h6>\n<p><strong>1\u00b0 Daniel Taboada (REP) \u2013 45:49.<\/strong><\/p>\n<p>2\u00b0 Alejandro Mena (Club San Jos\u00e9) \u2013 45:59.<\/p>\n<p>3\u00b0 Diego Abba (Pico Roller Club) \u2013 46:53.<\/p>\n<p>&nbsp;<\/p>\n<h6>30K General \u2013 Femenino:<\/h6>\n<p><strong>1\u00b0 Andrea Ledesma (GF Roller Team) \u2013 1:04:56.<\/strong><\/p>\n<p>2\u00b0 Daiana Ainiceder (Kimberley) \u2013 1:04:57.<\/p>\n<p>3\u00b0 Roc\u00edo C\u00e1ceres (Otra Vuelta) \u2013 1:06:43.<\/p>\n<p>&nbsp;<\/p>\n<h6>30K General \u2013 Masculino:<\/h6>\n<p><strong>1\u00b0 Sebasti\u00e1n Bengochea (Srtevolution) \u2013 58:49.<\/strong><\/p>\n<p>2\u00b0 Ulrico Honeker (Honecker Team) \u2013 59:47.<\/p>\n<p>3\u00b0 Diego Mi\u00f1e\u00f1ir (Club San Jos\u00e9) \u2013 1:00:47.<\/p>\n<p>&nbsp;<\/p>\n<p><em><strong>Foto: Pat\u00edn Carrera Club Boca.<\/strong><\/em><\/p>\n","protected":false},"excerpt":{"rendered":"<p>El evento, celebrado el pasado domingo, tuvo como escenario principal la avenida Pringles y cont\u00f3 con la participaci\u00f3n de m\u00e1s<\/p>\n","protected":false},"author":96739694,"featured_media":157876,"comment_status":"closed","ping_status":"closed","sticky":false,"template":"","format":"standard","meta":{"_jetpack_memberships_contains_paid_content":false,"footnotes":""},"categories":[30,1],"tags":[],"class_list":["post-138258","post","type-post","status-publish","format-standard","has-post-thumbnail","hentry","category-polideportivo","category-portada"],"jetpack_featured_media_url":"https:\/\/i0.wp.com\/cdnoticias.com\/wp-content\/uploads\/2023\/09\/3%C2%B0-Maraton-Rollers-y-Patin-Carrera-e1696045780825.jpg?fit=1193%2C685&ssl=1","jetpack_sharing_enabled":true,"_links":{"self":[{"href":"https:\/\/cdnoticias.com\/index.php\/wp-json\/wp\/v2\/posts\/138258","targetHints":{"allow":["GET"]}}],"collection":[{"href":"https:\/\/cdnoticias.com\/index.php\/wp-json\/wp\/v2\/posts"}],"about":[{"href":"https:\/\/cdnoticias.com\/index.php\/wp-json\/wp\/v2\/types\/post"}],"author":[{"embeddable":true,"href":"https:\/\/cdnoticias.com\/index.php\/wp-json\/wp\/v2\/users\/96739694"}],"replies":[{"embeddable":true,"href":"https:\/\/cdnoticias.com\/index.php\/wp-json\/wp\/v2\/comments?post=138258"}],"version-history":[{"count":0,"href":"https:\/\/cdnoticias.com\/index.php\/wp-json\/wp\/v2\/posts\/138258\/revisions"}],"wp:featuredmedia":[{"embeddable":true,"href":"https:\/\/cdnoticias.com\/index.php\/wp-json\/wp\/v2\/media\/157876"}],"wp:attachment":[{"href":"https:\/\/cdnoticias.com\/index.php\/wp-json\/wp\/v2\/media?parent=138258"}],"wp:term":[{"taxonomy":"category","embeddable":true,"href":"https:\/\/cdnoticias.com\/index.php\/wp-json\/wp\/v2\/categories?post=138258"},{"taxonomy":"post_tag","embeddable":true,"href":"https:\/\/cdnoticias.com\/index.php\/wp-json\/wp\/v2\/tags?post=138258"}],"curies":[{"name":"wp","href":"https:\/\/api.w.org\/{rel}","templated":true}]}}