{"id":138252,"date":"2023-09-29T15:27:25","date_gmt":"2023-09-29T18:27:25","guid":{"rendered":"https:\/\/centraldeportes.com.ar\/?p=42816"},"modified":"2025-02-12T22:00:16","modified_gmt":"2025-02-13T01:00:16","slug":"jose-valdez-gano-la-ultima-fecha-del-torneo-de-carabina-capitan-pedro-giachino","status":"publish","type":"post","link":"https:\/\/cdnoticias.com\/index.php\/2023\/09\/29\/jose-valdez-gano-la-ultima-fecha-del-torneo-de-carabina-capitan-pedro-giachino\/","title":{"rendered":"Jos\u00e9 Valdez gan\u00f3 la \u00faltima fecha del Torneo de carabina \u201cCapit\u00e1n Pedro Giachino\u201d"},"content":{"rendered":"<p>En la jornada del \u00faltimo s\u00e1bado, se disput\u00f3 en el Tiro Federal, la \u00faltima fecha del Torneo Anual de carabina \u201cCapit\u00e1n Pedro Giachino\u201d y el m\u00e1s certero fue Jos\u00e9 Valdez.<!--more--><\/p>\n<hr \/>\n<p>Un buen n\u00famero de deportistas se presentaron a concluir el certamen anual de carabina .22LR. que cont\u00f3 de 4 fechas.<\/p>\n<p>&nbsp;<\/p>\n<p>Entre la veintena de tiradores presentes en la \u00faltima competencia, Jos\u00e9 Valdez logr\u00f3 ser el m\u00e1s certero en los 20 disparos y lleg\u00f3 a lo m\u00e1s alto del podio.<\/p>\n<p>&nbsp;<\/p>\n<p>Los resultados:<\/p>\n<p>1\u00b0 Jos\u00e9 Valdez con 72 puntos<br \/>\n2\u00b0 Guido Inchausti con 57 puntos<br \/>\n3\u00b0 Fabi\u00e1n Petrone con 48 (+7) puntos<br \/>\n4\u00b0 Gerardo Reyes 48 (+4)<br \/>\n5\u00b0 Marcos Steimbach con 47<br \/>\n6\u00b0 Hern\u00e1n Go\u00f1i con 44<br \/>\n7\u00b0 Franco Pibuel con 42 (+2+3)<br \/>\n8\u00b0 Javier Pereyra con 42 (+2+1)<br \/>\n9\u00b0 Gustavo Pibuel con 37<br \/>\n10\u00b0 Eduardo Recavarren con 37 (-)<br \/>\n11\u00b0 Adri\u00e1n Duca con 36<br \/>\n12\u00b0 Dar\u00edo Mat\u00ednez con 33<br \/>\n13\u00b0 Rafael Bongiorno con 31<br \/>\n14\u00b0 Juan Jos\u00e9 Ojeda con 30<br \/>\n15\u00b0 Daniel Murrie con 28 (+2+2)<br \/>\n16\u00b0 Luj\u00e1n Pompei con 28 (+2)<br \/>\n17\u00b0 Alfredo Alberdi con 27<br \/>\n18\u00b0 Mat\u00edas De la Cuadra con 12<\/p>\n","protected":false},"excerpt":{"rendered":"<p>En la jornada del \u00faltimo s\u00e1bado, se disput\u00f3 en el Tiro Federal, la \u00faltima fecha del Torneo Anual de carabina<\/p>\n","protected":false},"author":96739694,"featured_media":157888,"comment_status":"closed","ping_status":"closed","sticky":false,"template":"","format":"standard","meta":{"_jetpack_memberships_contains_paid_content":false,"footnotes":""},"categories":[30,1],"tags":[],"class_list":["post-138252","post","type-post","status-publish","format-standard","has-post-thumbnail","hentry","category-polideportivo","category-portada"],"jetpack_featured_media_url":"https:\/\/i0.wp.com\/cdnoticias.com\/wp-content\/uploads\/2023\/09\/380791882_710708221100780_1480057095292124014_n.jpg?fit=1600%2C1200&ssl=1","jetpack_sharing_enabled":true,"_links":{"self":[{"href":"https:\/\/cdnoticias.com\/index.php\/wp-json\/wp\/v2\/posts\/138252","targetHints":{"allow":["GET"]}}],"collection":[{"href":"https:\/\/cdnoticias.com\/index.php\/wp-json\/wp\/v2\/posts"}],"about":[{"href":"https:\/\/cdnoticias.com\/index.php\/wp-json\/wp\/v2\/types\/post"}],"author":[{"embeddable":true,"href":"https:\/\/cdnoticias.com\/index.php\/wp-json\/wp\/v2\/users\/96739694"}],"replies":[{"embeddable":true,"href":"https:\/\/cdnoticias.com\/index.php\/wp-json\/wp\/v2\/comments?post=138252"}],"version-history":[{"count":0,"href":"https:\/\/cdnoticias.com\/index.php\/wp-json\/wp\/v2\/posts\/138252\/revisions"}],"wp:featuredmedia":[{"embeddable":true,"href":"https:\/\/cdnoticias.com\/index.php\/wp-json\/wp\/v2\/media\/157888"}],"wp:attachment":[{"href":"https:\/\/cdnoticias.com\/index.php\/wp-json\/wp\/v2\/media?parent=138252"}],"wp:term":[{"taxonomy":"category","embeddable":true,"href":"https:\/\/cdnoticias.com\/index.php\/wp-json\/wp\/v2\/categories?post=138252"},{"taxonomy":"post_tag","embeddable":true,"href":"https:\/\/cdnoticias.com\/index.php\/wp-json\/wp\/v2\/tags?post=138252"}],"curies":[{"name":"wp","href":"https:\/\/api.w.org\/{rel}","templated":true}]}}