{"id":138251,"date":"2023-09-29T08:42:51","date_gmt":"2023-09-29T11:42:51","guid":{"rendered":"https:\/\/centraldeportes.com.ar\/?p=42812"},"modified":"2025-02-12T22:00:18","modified_gmt":"2025-02-13T01:00:18","slug":"adrian-castro-logro-la-medalla-dorada-en-los-juegos-nacionales-evita","status":"publish","type":"post","link":"https:\/\/cdnoticias.com\/index.php\/2023\/09\/29\/adrian-castro-logro-la-medalla-dorada-en-los-juegos-nacionales-evita\/","title":{"rendered":"Adri\u00e1n Castro logr\u00f3 la medalla dorada en los Juegos Nacionales Evita"},"content":{"rendered":"<p>El ciclista olavarriense, representante de la Delegaci\u00f3n bonaerense en el evento deportivo, se qued\u00f3 con el primer puesto en la prueba de Scratch Sub 14.<!--more--><\/p>\n<hr \/>\n<p>Las competencias llevadas a cabo en Mar del Plata tuvieron continuidad durante este jueves y fue con destacados resultados para deportistas de Olavarr\u00eda que representan a la provincia.<\/p>\n<p>&nbsp;<\/p>\n<p>En ciclismo, <strong>Adri\u00e1n Castro<\/strong>, integrante del Programa de Becas impulsado por la Municipalidad<strong>, finaliz\u00f3 en la primera ubicaci\u00f3n de la prueba Scratch de la categor\u00eda Sub 14 y se qued\u00f3 con la medalla de oro<\/strong>. Asimismo, en la instancia de contrarreloj del pasado mi\u00e9rcoles termin\u00f3 quinto.<\/p>\n<p>&nbsp;<\/p>\n<p>Participaron de la prueba m\u00e1s de 200 competidores y adem\u00e1s de Castro, tomaron parte las olavarrienses<strong> Cielo<\/strong> <strong>Randazzo<\/strong> (Sub 14) y <strong>Candela Olalde<\/strong> (Sub 16), quienes arribaron a la meta 6\u00b0 y 20\u00b0 respectivamente.<\/p>\n<p>&nbsp;<\/p>\n<p>Por otro lado, en las dem\u00e1s disciplinas, el equipo de <strong>Hockey Sub 16 de Estudiantes<\/strong> gan\u00f3 en el partido debut; en atletismo, <strong>I\u00f1aki Arguindeguy<\/strong> lleg\u00f3 tercero en su serie de 300 metros y <strong>Valentino Rossi<\/strong>, en tiro, disputar\u00e1 este viernes la jornada final.<\/p>\n<p>&nbsp;<\/p>\n<p><em><strong>Fuente: Prensa del Municipio.<\/strong><\/em><\/p>\n","protected":false},"excerpt":{"rendered":"<p>El ciclista olavarriense, representante de la Delegaci\u00f3n bonaerense en el evento deportivo, se qued\u00f3 con el primer puesto en la<\/p>\n","protected":false},"author":96739694,"featured_media":157890,"comment_status":"closed","ping_status":"closed","sticky":false,"template":"","format":"standard","meta":{"_jetpack_memberships_contains_paid_content":false,"footnotes":""},"categories":[30,1],"tags":[],"class_list":["post-138251","post","type-post","status-publish","format-standard","has-post-thumbnail","hentry","category-polideportivo","category-portada"],"jetpack_featured_media_url":"https:\/\/i0.wp.com\/cdnoticias.com\/wp-content\/uploads\/2023\/09\/Adrian-Castro-ciclismo-Juegos-Evita.jpeg?fit=1772%2C1181&ssl=1","jetpack_sharing_enabled":true,"_links":{"self":[{"href":"https:\/\/cdnoticias.com\/index.php\/wp-json\/wp\/v2\/posts\/138251","targetHints":{"allow":["GET"]}}],"collection":[{"href":"https:\/\/cdnoticias.com\/index.php\/wp-json\/wp\/v2\/posts"}],"about":[{"href":"https:\/\/cdnoticias.com\/index.php\/wp-json\/wp\/v2\/types\/post"}],"author":[{"embeddable":true,"href":"https:\/\/cdnoticias.com\/index.php\/wp-json\/wp\/v2\/users\/96739694"}],"replies":[{"embeddable":true,"href":"https:\/\/cdnoticias.com\/index.php\/wp-json\/wp\/v2\/comments?post=138251"}],"version-history":[{"count":0,"href":"https:\/\/cdnoticias.com\/index.php\/wp-json\/wp\/v2\/posts\/138251\/revisions"}],"wp:featuredmedia":[{"embeddable":true,"href":"https:\/\/cdnoticias.com\/index.php\/wp-json\/wp\/v2\/media\/157890"}],"wp:attachment":[{"href":"https:\/\/cdnoticias.com\/index.php\/wp-json\/wp\/v2\/media?parent=138251"}],"wp:term":[{"taxonomy":"category","embeddable":true,"href":"https:\/\/cdnoticias.com\/index.php\/wp-json\/wp\/v2\/categories?post=138251"},{"taxonomy":"post_tag","embeddable":true,"href":"https:\/\/cdnoticias.com\/index.php\/wp-json\/wp\/v2\/tags?post=138251"}],"curies":[{"name":"wp","href":"https:\/\/api.w.org\/{rel}","templated":true}]}}