{"id":138223,"date":"2023-12-27T15:25:44","date_gmt":"2023-12-27T18:25:44","guid":{"rendered":"https:\/\/centraldeportes.com.ar\/?p=46612"},"modified":"2025-02-12T23:27:23","modified_gmt":"2025-02-13T02:27:23","slug":"el-festival-en-azul-volvio-a-tener-a-los-locales-en-el-podio","status":"publish","type":"post","link":"https:\/\/cdnoticias.com\/index.php\/2023\/12\/27\/el-festival-en-azul-volvio-a-tener-a-los-locales-en-el-podio\/","title":{"rendered":"El Festival en Azul volvi\u00f3 a tener a los locales en el podio"},"content":{"rendered":"<p>Los tradicionales festivales de verano organizados por la Club Ciclista Azule\u00f1o tuvieron un nuevo encuentro el pasado jueves y hubo nutrida presencia de los deportistas locales.<!--more--><\/p>\n<hr \/>\n<p>Ciclistas olavarrienses se presentaron en las tradicionales carreras nocturnas de Azul y se destacaron los segundos puestos de Fiamma Abrisqueta, Santiago Erripa y Ayrton Trumpio.<\/p>\n<p>&nbsp;<\/p>\n<p>Adem\u00e1s, Miguel Yusti, Francisco Posse, Mariano Almada y Mariano Erripa fueron terceros.<\/p>\n<p>&nbsp;<\/p>\n<p><img data-recalc-dims=\"1\" loading=\"lazy\" decoding=\"async\" class=\"aligncenter size-full wp-image-46615\" src=\"https:\/\/i0.wp.com\/cdnoticias.com\/wp-content\/uploads\/2023\/12\/ciclismo-2.jpg?resize=800%2C445&#038;ssl=1\" alt=\"\" width=\"800\" height=\"445\" \/><\/p>\n<p>&nbsp;<\/p>\n<p>Los resultados:<\/p>\n<p>Damas<br \/>\n1\u00b0 Tania Ponce de Le\u00f3n (Tapalqu\u00e9)<br \/>\n2\u00b0 Fiamma Abrisqueta (Olavarr\u00eda)<br \/>\n3\u00b0 Selva Pagano (Rauch)<br \/>\n4\u00b0 Naky Barrag\u00e1n (Rauch)<br \/>\n5\u00b0 Cielo Randazzo (Olavarr\u00eda)<\/p>\n<p>M\u00e1ster D<br \/>\n1\u00b0 Gustavo Tobal (Lober\u00eda)<br \/>\n2\u00b0 Carlos Tolosa (Saladillo)<br \/>\n3\u00b0 Francisco Posse (Olavarr\u00eda)<br \/>\n4\u00b0 Pedro Ledesma (Chivilcoy)<br \/>\n5\u00b0 Miguel D\u00edaz (Alvear)<br \/>\n6\u00b0 Jorge Olmedo (Olavarr\u00eda)<\/p>\n<p>M\u00e1ster E<br \/>\n1\u00b0 Pedro Arrozeres (Tandil)<br \/>\n2\u00b0 Manuel Lende (Tandil)<\/p>\n<p>Mayores de 40 a\u00f1os de edad<br \/>\n1\u00b0 Hern\u00e1n Arias (Tapalqu\u00e9)<br \/>\n2\u00b0 Jorge Lescano (Azul)<br \/>\n3\u00b0 Miguel Yusti (Olavarr\u00eda)<br \/>\n4\u00b0 Alejandro Garc\u00eda (Olavarr\u00eda)<br \/>\n5\u00b0 Silvio Castro (Olavarr\u00eda)<\/p>\n<p>Menores de 40 a\u00f1os de edad<br \/>\n1\u00b0 Dami\u00e1n Crocci (Rauch)<br \/>\n2\u00b0 Santiago Erripa (Olavarr\u00eda)<br \/>\n3\u00b0 Mariano Almada (Olavarr\u00eda)<br \/>\n4\u00b0 Leandro Erripa (Olavarr\u00eda)<br \/>\n5\u00b0 Joaqu\u00edn Melo (Las Flores)<\/p>\n<p>M\u00e1ster C<br \/>\n1\u00b0 Sergio Hern\u00e1ndez (Mar del Plata)<br \/>\n2\u00b0 Miguel Vargas (Ayacucho)<br \/>\n3\u00b0 Eduardo Lofiego (Azul)<br \/>\n4\u00b0 Dar\u00edo Ocanto (Azul)<br \/>\n5\u00b0 Marcelo Ilosio (Olavarr\u00eda)<\/p>\n<p>M\u00e1ster B<br \/>\n1\u00b0 Jorge Sosa (Lober\u00eda)<br \/>\n2\u00b0 Federico G\u00f3mez (Tapalqu\u00e9)<br \/>\n3\u00b0 Mariano Erripa (Olavarr\u00eda)<br \/>\n4\u00b0 Marcos Sosa (Olavarr\u00eda)<br \/>\n5\u00b0 Pablo Contreras (Ayacucho)<\/p>\n<p>\u00c9lite I II<br \/>\n1\u00b0 Jos\u00e9 Aguirre (Cachar\u00ed)<br \/>\n2\u00b0 Ayrton Trumpio (Olavarr\u00eda)<br \/>\n3\u00b0 Cesar Ferrero (Carlos Casares)<br \/>\n4\u00b0 Andr\u00e9s Fabras (Azul)<br \/>\n5\u00b0 Santiago Etchepare (Azul)<\/p>\n<p>M\u00e1ster A y Juniors<br \/>\n1\u00b0 Jos\u00e9 Aguirre (Cachar\u00ed)<br \/>\n2\u00b0 Andr\u00e9s Fabras (Azul)<br \/>\n3\u00b0 Dami\u00e1n Almir\u00f3n (Lober\u00eda)<br \/>\n4\u00b0 Cristian Ortiz (Olavarr\u00eda)<br \/>\n5\u00b0 Joaqu\u00edn Peralta (Tapalqu\u00e9)<\/p>\n<p>&nbsp;<\/p>\n<p>Por otro lado, se realiz\u00f3 en Trenque Launquen un importante certamen que consagr\u00f3 al bragadense Felipe Lezica en la categor\u00eda \u00c9lite y fue escoltado por el olavarriense Facundo Dumerauf, que represent\u00f3 al equipo Pampa Trenque.<\/p>\n","protected":false},"excerpt":{"rendered":"<p>Los tradicionales festivales de verano organizados por la Club Ciclista Azule\u00f1o tuvieron un nuevo encuentro el pasado jueves y hubo<\/p>\n","protected":false},"author":96739694,"featured_media":159241,"comment_status":"closed","ping_status":"closed","sticky":false,"template":"","format":"standard","meta":{"_jetpack_memberships_contains_paid_content":false,"footnotes":""},"categories":[30,1],"tags":[],"class_list":["post-138223","post","type-post","status-publish","format-standard","has-post-thumbnail","hentry","category-polideportivo","category-portada"],"jetpack_featured_media_url":"https:\/\/i0.wp.com\/cdnoticias.com\/wp-content\/uploads\/2023\/12\/ciclismo-1.jpg?fit=800%2C445&ssl=1","jetpack_sharing_enabled":true,"_links":{"self":[{"href":"https:\/\/cdnoticias.com\/index.php\/wp-json\/wp\/v2\/posts\/138223","targetHints":{"allow":["GET"]}}],"collection":[{"href":"https:\/\/cdnoticias.com\/index.php\/wp-json\/wp\/v2\/posts"}],"about":[{"href":"https:\/\/cdnoticias.com\/index.php\/wp-json\/wp\/v2\/types\/post"}],"author":[{"embeddable":true,"href":"https:\/\/cdnoticias.com\/index.php\/wp-json\/wp\/v2\/users\/96739694"}],"replies":[{"embeddable":true,"href":"https:\/\/cdnoticias.com\/index.php\/wp-json\/wp\/v2\/comments?post=138223"}],"version-history":[{"count":0,"href":"https:\/\/cdnoticias.com\/index.php\/wp-json\/wp\/v2\/posts\/138223\/revisions"}],"wp:featuredmedia":[{"embeddable":true,"href":"https:\/\/cdnoticias.com\/index.php\/wp-json\/wp\/v2\/media\/159241"}],"wp:attachment":[{"href":"https:\/\/cdnoticias.com\/index.php\/wp-json\/wp\/v2\/media?parent=138223"}],"wp:term":[{"taxonomy":"category","embeddable":true,"href":"https:\/\/cdnoticias.com\/index.php\/wp-json\/wp\/v2\/categories?post=138223"},{"taxonomy":"post_tag","embeddable":true,"href":"https:\/\/cdnoticias.com\/index.php\/wp-json\/wp\/v2\/tags?post=138223"}],"curies":[{"name":"wp","href":"https:\/\/api.w.org\/{rel}","templated":true}]}}