{"id":138221,"date":"2023-12-26T16:02:47","date_gmt":"2023-12-26T19:02:47","guid":{"rendered":"https:\/\/centraldeportes.com.ar\/?p=46606"},"modified":"2025-02-12T23:27:25","modified_gmt":"2025-02-13T02:27:25","slug":"en-sus-marcas-listos-ya-se-corre-la-milla-urbana","status":"publish","type":"post","link":"https:\/\/cdnoticias.com\/index.php\/2023\/12\/26\/en-sus-marcas-listos-ya-se-corre-la-milla-urbana\/","title":{"rendered":"En sus marcas, listos, ya\u2026 se corre la Milla Urbana"},"content":{"rendered":"<p>Todo preparado para cerrar el calendario pedestre ya que desde el Centro de Educaci\u00f3n F\u00edsica N\u00b044 se ultiman los detalles para una nueva edici\u00f3n de la Milla Urbana.<!--more--><\/p>\n<hr \/>\n<p>El pr\u00f3ximo jueves 28 con largada y llegada en la Avenida 18 e Islas Malvinas del barrio CECO, se realizar\u00e1 una nueva edici\u00f3n de la tradicional Milla Urbana que cierra el calendario pedestre local.<\/p>\n<p>&nbsp;<\/p>\n<p>Ser\u00e1 la 30\u00b0 edici\u00f3n de la cl\u00e1sica cita deportiva que lleva el nombre de \u201cProfesor Gato Landoni\u201d organizada por el Centro de Educaci\u00f3n F\u00edsica N \u00b0 44, con la cooperaci\u00f3n de la Comisi\u00f3n de Atletas Veteranos de Olavarr\u00eda.<\/p>\n<p>&nbsp;<\/p>\n<p>La carrera que tiene como \u00faltimos ganadores a Leonardo Landaburu con un tiempo de 4 minutos y 25 segundos y Cecilia Fern\u00e1ndez con 5:12 se transforma en un multitudinario encuentro vecinal que se encarga de cerrar el a\u00f1o pedestre de Olavarr\u00eda y la Regi\u00f3n.<\/p>\n<p>&nbsp;<\/p>\n<p>La inscripci\u00f3n, como en cada oportunidad de encuentro, se realiza en el lugar de la prueba, para la cual se pide la contribuci\u00f3n de un alimento navide\u00f1o, para ser donado al comedor del Colegio Fray Mamerto Esqui\u00fa. Cada participante con su n\u00famero, se har\u00e1 acreedor gratuitamente de un vaso de gaseosa y un s\u00e1ndwich de chorip\u00e1n manufacturado x miembros de la Asociaci\u00f3n Cooperadora.<\/p>\n","protected":false},"excerpt":{"rendered":"<p>Todo preparado para cerrar el calendario pedestre ya que desde el Centro de Educaci\u00f3n F\u00edsica N\u00b044 se ultiman los detalles<\/p>\n","protected":false},"author":96739694,"featured_media":159245,"comment_status":"closed","ping_status":"closed","sticky":false,"template":"","format":"standard","meta":{"_jetpack_memberships_contains_paid_content":false,"footnotes":""},"categories":[38,1],"tags":[],"class_list":["post-138221","post","type-post","status-publish","format-standard","has-post-thumbnail","hentry","category-pedestrismo","category-portada"],"jetpack_featured_media_url":"https:\/\/i0.wp.com\/cdnoticias.com\/wp-content\/uploads\/2021\/12\/milla-urbana-1.png?fit=1280%2C853&ssl=1","jetpack_sharing_enabled":true,"_links":{"self":[{"href":"https:\/\/cdnoticias.com\/index.php\/wp-json\/wp\/v2\/posts\/138221","targetHints":{"allow":["GET"]}}],"collection":[{"href":"https:\/\/cdnoticias.com\/index.php\/wp-json\/wp\/v2\/posts"}],"about":[{"href":"https:\/\/cdnoticias.com\/index.php\/wp-json\/wp\/v2\/types\/post"}],"author":[{"embeddable":true,"href":"https:\/\/cdnoticias.com\/index.php\/wp-json\/wp\/v2\/users\/96739694"}],"replies":[{"embeddable":true,"href":"https:\/\/cdnoticias.com\/index.php\/wp-json\/wp\/v2\/comments?post=138221"}],"version-history":[{"count":0,"href":"https:\/\/cdnoticias.com\/index.php\/wp-json\/wp\/v2\/posts\/138221\/revisions"}],"wp:featuredmedia":[{"embeddable":true,"href":"https:\/\/cdnoticias.com\/index.php\/wp-json\/wp\/v2\/media\/159245"}],"wp:attachment":[{"href":"https:\/\/cdnoticias.com\/index.php\/wp-json\/wp\/v2\/media?parent=138221"}],"wp:term":[{"taxonomy":"category","embeddable":true,"href":"https:\/\/cdnoticias.com\/index.php\/wp-json\/wp\/v2\/categories?post=138221"},{"taxonomy":"post_tag","embeddable":true,"href":"https:\/\/cdnoticias.com\/index.php\/wp-json\/wp\/v2\/tags?post=138221"}],"curies":[{"name":"wp","href":"https:\/\/api.w.org\/{rel}","templated":true}]}}