{"id":138210,"date":"2023-12-22T19:02:37","date_gmt":"2023-12-22T22:02:37","guid":{"rendered":"https:\/\/centraldeportes.com.ar\/?p=46541"},"modified":"2025-02-12T23:27:43","modified_gmt":"2025-02-13T02:27:43","slug":"natacion-ferro-cerro-el-ano-en-un-campeonato-nacional-y-una-medalla-de-oro","status":"publish","type":"post","link":"https:\/\/cdnoticias.com\/index.php\/2023\/12\/22\/natacion-ferro-cerro-el-ano-en-un-campeonato-nacional-y-una-medalla-de-oro\/","title":{"rendered":"Nataci\u00f3n: Ferro cerr\u00f3 el a\u00f1o en un Campeonato Nacional y una medalla de oro"},"content":{"rendered":"<p>Durante el transcurso del pasado fin de semana se llev\u00f3 a cabo el Campeonato Nacional de Menores que cont\u00f3 con una importante delegaci\u00f3n de deportistas del Club Ferro. Fernando Altamira se consagr\u00f3 campe\u00f3n nacional.<!--more--><\/p>\n<hr \/>\n<p>En Mar del Plata, el equipo de nataci\u00f3n competitivo de Ferro cerr\u00f3 el a\u00f1o con muy buenos resultados, destac\u00e1ndose Fernando Altamira que se consagr\u00f3 campe\u00f3n nacional en 100 metros mariposa y se subi\u00f3 al podio en otras oportunidades.<\/p>\n<p>&nbsp;<\/p>\n<p>Los resultados:<\/p>\n<p>Francisco Arroquy (Infantil 2)<br \/>\n\u2022 50 m Libres (11\u00b0 puesto)<br \/>\n\u2022 50 m Espalda (23\u00b0 puesto)<br \/>\n\u2022 50 m Pecho (21\u00b0 puesto)<\/p>\n<p>Agust\u00edn Latorre (Menor 1)<br \/>\n\u2022 100 m Espalda (8\u00b0 puesto)<br \/>\n\u2022 200 m Espalda (4\u00b0 puesto)<\/p>\n<p>Felipe Coria (Menor 2)<br \/>\n\u2022 100 m Pecho (5\u00b0 puesto)<br \/>\n\u2022 200 m Pecho (9\u00b0 puesto)<\/p>\n<p>Catalina Mart\u00ednez Brun (Menor 2)<br \/>\n\u2022 100 m Pecho (54\u00b0 puesto)<br \/>\n\u2022 200 m Pecho (43\u00b0 puesto)<\/p>\n<p>Milena Graff (Menor 2)<br \/>\n\u2022 100 m Pecho (44\u00b0 puesto)<\/p>\n<p>Fernando Altamira (Menor 2)<br \/>\n\u2022 100 m Mariposa (1\u00b0 puesto y Campe\u00f3n Nacional)<br \/>\n\u2022 100 m Pecho (3\u00b0 puesto)<br \/>\n\u2022 200 m Combinados (3\u00b0 puesto)<br \/>\n\u2022 100 m Espalda (8\u00b0 puesto)<br \/>\n\u2022 200 m Espalda (7\u00b0 puesto)<br \/>\n\u2022 50 m Libres (2\u00b0 puesto)<\/p>\n<p>Juana Laplace (Menor 2)<br \/>\n\u2022 100 m Espalda (66\u00b0 puesto)<\/p>\n","protected":false},"excerpt":{"rendered":"<p>Durante el transcurso del pasado fin de semana se llev\u00f3 a cabo el Campeonato Nacional de Menores que cont\u00f3 con<\/p>\n","protected":false},"author":96739694,"featured_media":159269,"comment_status":"closed","ping_status":"closed","sticky":false,"template":"","format":"standard","meta":{"_jetpack_memberships_contains_paid_content":false,"footnotes":""},"categories":[30,1],"tags":[],"class_list":["post-138210","post","type-post","status-publish","format-standard","has-post-thumbnail","hentry","category-polideportivo","category-portada"],"jetpack_featured_media_url":"https:\/\/i0.wp.com\/cdnoticias.com\/wp-content\/uploads\/2023\/12\/WhatsApp-Image-2023-12-19-at-20.15.35.jpeg?fit=1024%2C768&ssl=1","jetpack_sharing_enabled":true,"_links":{"self":[{"href":"https:\/\/cdnoticias.com\/index.php\/wp-json\/wp\/v2\/posts\/138210","targetHints":{"allow":["GET"]}}],"collection":[{"href":"https:\/\/cdnoticias.com\/index.php\/wp-json\/wp\/v2\/posts"}],"about":[{"href":"https:\/\/cdnoticias.com\/index.php\/wp-json\/wp\/v2\/types\/post"}],"author":[{"embeddable":true,"href":"https:\/\/cdnoticias.com\/index.php\/wp-json\/wp\/v2\/users\/96739694"}],"replies":[{"embeddable":true,"href":"https:\/\/cdnoticias.com\/index.php\/wp-json\/wp\/v2\/comments?post=138210"}],"version-history":[{"count":0,"href":"https:\/\/cdnoticias.com\/index.php\/wp-json\/wp\/v2\/posts\/138210\/revisions"}],"wp:featuredmedia":[{"embeddable":true,"href":"https:\/\/cdnoticias.com\/index.php\/wp-json\/wp\/v2\/media\/159269"}],"wp:attachment":[{"href":"https:\/\/cdnoticias.com\/index.php\/wp-json\/wp\/v2\/media?parent=138210"}],"wp:term":[{"taxonomy":"category","embeddable":true,"href":"https:\/\/cdnoticias.com\/index.php\/wp-json\/wp\/v2\/categories?post=138210"},{"taxonomy":"post_tag","embeddable":true,"href":"https:\/\/cdnoticias.com\/index.php\/wp-json\/wp\/v2\/tags?post=138210"}],"curies":[{"name":"wp","href":"https:\/\/api.w.org\/{rel}","templated":true}]}}