{"id":138196,"date":"2023-12-19T15:24:20","date_gmt":"2023-12-19T18:24:20","guid":{"rendered":"https:\/\/centraldeportes.com.ar\/?p=46461"},"modified":"2025-02-12T23:26:35","modified_gmt":"2025-02-13T02:26:35","slug":"la-federacion-bonaerense-de-voley-sesiono-en-olavarria","status":"publish","type":"post","link":"https:\/\/cdnoticias.com\/index.php\/2023\/12\/19\/la-federacion-bonaerense-de-voley-sesiono-en-olavarria\/","title":{"rendered":"La Federaci\u00f3n Bonaerense de V\u00f3ley sesion\u00f3 en Olavarr\u00eda"},"content":{"rendered":"<p>D\u00edas atr\u00e1s, se llev\u00f3 a cabo una reuni\u00f3n de integrantes de la Federaci\u00f3n Bonaerense de V\u00f3ley en la Casa del Deporte. Hubo presencia olavarriense.<!--more--><\/p>\n<hr \/>\n<p>En Olavarr\u00eda se reuni\u00f3 la dirigencia mayor del v\u00f3ley bonaerense para realizar un balance de lo acontecido en el a\u00f1o y pensar en lo que viene en el 2024.<\/p>\n<p>&nbsp;<\/p>\n<p>La reuni\u00f3n llevada a cabo en la Casa del Deporte estuvo encabezada por su titular, el pergaminense Daniel Trotta y tambi\u00e9n estuvieron Gabriel Salvia, Anabella R\u00edos, Jorge L\u00f3pez y la olavarriense Miriam Mosescu.<\/p>\n<p>&nbsp;<\/p>\n<p>En el encuentro que sirvi\u00f3 para realizar un balance de lo realizado en el 2023 y pensar en lo que se llevar\u00e1 a cabo en el pr\u00f3ximo a\u00f1o estuvieron dirigentes de Azul, San Nicol\u00e1s y Mar del Plata, adem\u00e1s de la Asociaci\u00f3n Olavarriense de V\u00f3ley con Mauricio Correge y Ricardo De Luca.<\/p>\n<p>&nbsp;<\/p>\n<p>Adem\u00e1s se definieron montos de afiliaciones, se anunciaron posibles fechas para la realizaci\u00f3n de los cert\u00e1menes provinciales y se record\u00f3 la importancia de que los deportistas cuenten afiliados a la FeVA.<\/p>\n","protected":false},"excerpt":{"rendered":"<p>D\u00edas atr\u00e1s, se llev\u00f3 a cabo una reuni\u00f3n de integrantes de la Federaci\u00f3n Bonaerense de V\u00f3ley en la Casa del<\/p>\n","protected":false},"author":96739694,"featured_media":159191,"comment_status":"closed","ping_status":"closed","sticky":false,"template":"","format":"standard","meta":{"_jetpack_memberships_contains_paid_content":false,"footnotes":""},"categories":[30,1],"tags":[],"class_list":["post-138196","post","type-post","status-publish","format-standard","has-post-thumbnail","hentry","category-polideportivo","category-portada"],"jetpack_featured_media_url":"https:\/\/i0.wp.com\/cdnoticias.com\/wp-content\/uploads\/2023\/12\/28-4.jpg?fit=705%2C446&ssl=1","jetpack_sharing_enabled":true,"_links":{"self":[{"href":"https:\/\/cdnoticias.com\/index.php\/wp-json\/wp\/v2\/posts\/138196","targetHints":{"allow":["GET"]}}],"collection":[{"href":"https:\/\/cdnoticias.com\/index.php\/wp-json\/wp\/v2\/posts"}],"about":[{"href":"https:\/\/cdnoticias.com\/index.php\/wp-json\/wp\/v2\/types\/post"}],"author":[{"embeddable":true,"href":"https:\/\/cdnoticias.com\/index.php\/wp-json\/wp\/v2\/users\/96739694"}],"replies":[{"embeddable":true,"href":"https:\/\/cdnoticias.com\/index.php\/wp-json\/wp\/v2\/comments?post=138196"}],"version-history":[{"count":0,"href":"https:\/\/cdnoticias.com\/index.php\/wp-json\/wp\/v2\/posts\/138196\/revisions"}],"wp:featuredmedia":[{"embeddable":true,"href":"https:\/\/cdnoticias.com\/index.php\/wp-json\/wp\/v2\/media\/159191"}],"wp:attachment":[{"href":"https:\/\/cdnoticias.com\/index.php\/wp-json\/wp\/v2\/media?parent=138196"}],"wp:term":[{"taxonomy":"category","embeddable":true,"href":"https:\/\/cdnoticias.com\/index.php\/wp-json\/wp\/v2\/categories?post=138196"},{"taxonomy":"post_tag","embeddable":true,"href":"https:\/\/cdnoticias.com\/index.php\/wp-json\/wp\/v2\/tags?post=138196"}],"curies":[{"name":"wp","href":"https:\/\/api.w.org\/{rel}","templated":true}]}}