{"id":138183,"date":"2023-12-16T19:17:14","date_gmt":"2023-12-16T22:17:14","guid":{"rendered":"https:\/\/centraldeportes.com.ar\/?p=46371"},"modified":"2025-02-12T23:25:30","modified_gmt":"2025-02-13T02:25:30","slug":"tiro-lola-sanchez-fue-medalla-de-plata-en-la-copa-sudamericana","status":"publish","type":"post","link":"https:\/\/cdnoticias.com\/index.php\/2023\/12\/16\/tiro-lola-sanchez-fue-medalla-de-plata-en-la-copa-sudamericana\/","title":{"rendered":"Tiro: Lola S\u00e1nchez fue medalla de plata en la Copa Sudamericana"},"content":{"rendered":"\n<div class=\"wp-block-group is-layout-constrained wp-block-group-is-layout-constrained\">\n<p>En las instalaciones del Tiro Federal Argentino se complet\u00f3 una nueva edici\u00f3n de la Copa Sudamericana de Tiro y Lola S\u00e1nchez logr\u00f3 sumar una medalla de plata sobre dos presentaciones en el equipo nacional.<!--more--><\/p>\n<hr \/>\n<p>La tiradora olavarriense se present\u00f3 en un nuevo certamen internacional que reuni\u00f3 a m\u00e1s de doscientos tiradores de las federaciones sudamericanas de Chile, Uruguay, Bolivia, Per\u00fa, Brasil y Argentina.<\/p>\n<p>\u00a0<\/p>\n<p>La IX edici\u00f3n del certamen que adem\u00e1s puso en juego la <strong>\u201cCopa Challenger Arnoldo Ugarte\u201d<\/strong> se disput\u00f3 en todas modalidades deportivas ISSF de<strong> rifle<\/strong> a 10 y 50 metros, <strong>pistola<\/strong> de 10, 25 y 50 metros y<strong> escopeta<\/strong> Trap y Skeet, y adem\u00e1s <strong>pistola militar<\/strong> 9mm y 11,25mm.<\/p>\n<p>\u00a0<\/p>\n<p><strong>S\u00e1nchez particip\u00f3 en la prueba de Rifle de Aire 10 metros femenino y se ubic\u00f3 en el segundo lugar del podio<\/strong> con 246,2 puntos. La prueba qued\u00f3 a favor de Fernanda Russo con 248,4 y el podio lo complet\u00f3 Sara Viscarra de Per\u00fa.<\/p>\n<p>\u00a0<\/p>\n<p><strong>La representante del Tiro Federal tambi\u00e9n particip\u00f3 en la prueba de 10 metros Mixta junto a Agust\u00edn Petrini<\/strong>. La competencia qued\u00f3 en manos de Marcelo Zoccali y Amelia Fournel.<\/p>\n<\/div>\n","protected":false},"excerpt":{"rendered":"<p>En las instalaciones del Tiro Federal Argentino se complet\u00f3 una nueva edici\u00f3n de la Copa Sudamericana de Tiro y Lola<\/p>\n","protected":false},"author":96739694,"featured_media":159110,"comment_status":"closed","ping_status":"closed","sticky":false,"template":"","format":"standard","meta":{"_jetpack_memberships_contains_paid_content":false,"footnotes":""},"categories":[30,1],"tags":[],"class_list":["post-138183","post","type-post","status-publish","format-standard","has-post-thumbnail","hentry","category-polideportivo","category-portada"],"jetpack_featured_media_url":"https:\/\/i0.wp.com\/cdnoticias.com\/wp-content\/uploads\/2023\/12\/101_0321-scaled.jpg?fit=2560%2C1920&ssl=1","jetpack_sharing_enabled":true,"_links":{"self":[{"href":"https:\/\/cdnoticias.com\/index.php\/wp-json\/wp\/v2\/posts\/138183","targetHints":{"allow":["GET"]}}],"collection":[{"href":"https:\/\/cdnoticias.com\/index.php\/wp-json\/wp\/v2\/posts"}],"about":[{"href":"https:\/\/cdnoticias.com\/index.php\/wp-json\/wp\/v2\/types\/post"}],"author":[{"embeddable":true,"href":"https:\/\/cdnoticias.com\/index.php\/wp-json\/wp\/v2\/users\/96739694"}],"replies":[{"embeddable":true,"href":"https:\/\/cdnoticias.com\/index.php\/wp-json\/wp\/v2\/comments?post=138183"}],"version-history":[{"count":0,"href":"https:\/\/cdnoticias.com\/index.php\/wp-json\/wp\/v2\/posts\/138183\/revisions"}],"wp:featuredmedia":[{"embeddable":true,"href":"https:\/\/cdnoticias.com\/index.php\/wp-json\/wp\/v2\/media\/159110"}],"wp:attachment":[{"href":"https:\/\/cdnoticias.com\/index.php\/wp-json\/wp\/v2\/media?parent=138183"}],"wp:term":[{"taxonomy":"category","embeddable":true,"href":"https:\/\/cdnoticias.com\/index.php\/wp-json\/wp\/v2\/categories?post=138183"},{"taxonomy":"post_tag","embeddable":true,"href":"https:\/\/cdnoticias.com\/index.php\/wp-json\/wp\/v2\/tags?post=138183"}],"curies":[{"name":"wp","href":"https:\/\/api.w.org\/{rel}","templated":true}]}}