{"id":138171,"date":"2023-12-15T16:52:16","date_gmt":"2023-12-15T19:52:16","guid":{"rendered":"https:\/\/centraldeportes.com.ar\/?p=46337"},"modified":"2025-02-12T23:25:48","modified_gmt":"2025-02-13T02:25:48","slug":"racing-tras-el-temporal-inician-los-trabajos-de-acondicionamiento","status":"publish","type":"post","link":"https:\/\/cdnoticias.com\/index.php\/2023\/12\/15\/racing-tras-el-temporal-inician-los-trabajos-de-acondicionamiento\/","title":{"rendered":"Racing, tras el temporal, inician los trabajos de acondicionamiento"},"content":{"rendered":"<p>Luego de los dos temporales que azotaron Olavarr\u00eda entre el martes y el pasado jueves, Racing comienza a trabajar en el reacondicionamiento del Parque Olavarr\u00eda.<!--more--><\/p>\n<hr \/>\n<p>A trav\u00e9s de varios comunicados, la entidad \u201cChaira\u201d hab\u00eda anunciado que debido a las consecuencias del temporal del pasado martes no hay actividades hasta nuevo aviso y este viernes se dio a conocer que iniciaron los trabajos de limpieza y acondicionamiento.<\/p>\n<p>&nbsp;<\/p>\n<p>\u201c<strong><em>Nuestra instituci\u00f3n se vio fuertemente afectada debido a la ca\u00edda de \u00e1rboles, de gran tama\u00f1o, que cortaron los cables y la accesibilidad al club<\/em><\/strong>\u201d, hab\u00edan anunciado dando a conocer los grandes da\u00f1os que sufri\u00f3 el Parque Olavarr\u00eda y tambi\u00e9n que \u201c<strong><em>estamos trabajando para restablecer los servicios b\u00e1sicos, priorizando el pr\u00f3ximo inicio de Colonia y Temporada de Verano<\/em><\/strong>\u201d.<\/p>\n<p>&nbsp;<\/p>\n<p>Este viernes, y mientras el gimnasio central sigue siendo lugar para recibir donaciones y un centro de evacuados, comenzaron los trabajos de reacondicionamiento en los diferentes espacios y se invit\u00f3 a la colaboraci\u00f3n de socios y allegados que quieran colaborar y que cuenten con herramientas para facilitar los trabajos.<\/p>\n","protected":false},"excerpt":{"rendered":"<p>Luego de los dos temporales que azotaron Olavarr\u00eda entre el martes y el pasado jueves, Racing comienza a trabajar en<\/p>\n","protected":false},"author":96739694,"featured_media":159132,"comment_status":"closed","ping_status":"closed","sticky":false,"template":"","format":"standard","meta":{"_jetpack_memberships_contains_paid_content":false,"footnotes":""},"categories":[30,1],"tags":[],"class_list":["post-138171","post","type-post","status-publish","format-standard","has-post-thumbnail","hentry","category-polideportivo","category-portada"],"jetpack_featured_media_url":"https:\/\/i0.wp.com\/cdnoticias.com\/wp-content\/uploads\/2023\/12\/tenisracingclub_1702511814_3257227641852994448_18088819609-e1702669907844.jpg?fit=1078%2C610&ssl=1","jetpack_sharing_enabled":true,"_links":{"self":[{"href":"https:\/\/cdnoticias.com\/index.php\/wp-json\/wp\/v2\/posts\/138171","targetHints":{"allow":["GET"]}}],"collection":[{"href":"https:\/\/cdnoticias.com\/index.php\/wp-json\/wp\/v2\/posts"}],"about":[{"href":"https:\/\/cdnoticias.com\/index.php\/wp-json\/wp\/v2\/types\/post"}],"author":[{"embeddable":true,"href":"https:\/\/cdnoticias.com\/index.php\/wp-json\/wp\/v2\/users\/96739694"}],"replies":[{"embeddable":true,"href":"https:\/\/cdnoticias.com\/index.php\/wp-json\/wp\/v2\/comments?post=138171"}],"version-history":[{"count":0,"href":"https:\/\/cdnoticias.com\/index.php\/wp-json\/wp\/v2\/posts\/138171\/revisions"}],"wp:featuredmedia":[{"embeddable":true,"href":"https:\/\/cdnoticias.com\/index.php\/wp-json\/wp\/v2\/media\/159132"}],"wp:attachment":[{"href":"https:\/\/cdnoticias.com\/index.php\/wp-json\/wp\/v2\/media?parent=138171"}],"wp:term":[{"taxonomy":"category","embeddable":true,"href":"https:\/\/cdnoticias.com\/index.php\/wp-json\/wp\/v2\/categories?post=138171"},{"taxonomy":"post_tag","embeddable":true,"href":"https:\/\/cdnoticias.com\/index.php\/wp-json\/wp\/v2\/tags?post=138171"}],"curies":[{"name":"wp","href":"https:\/\/api.w.org\/{rel}","templated":true}]}}