{"id":138168,"date":"2023-12-13T21:00:52","date_gmt":"2023-12-14T00:00:52","guid":{"rendered":"https:\/\/centraldeportes.com.ar\/?p=46324"},"modified":"2025-02-12T23:25:52","modified_gmt":"2025-02-13T02:25:52","slug":"olavarrienses-se-coronaron-campeonas-provinciales-en-mar-del-plata","status":"publish","type":"post","link":"https:\/\/cdnoticias.com\/index.php\/2023\/12\/13\/olavarrienses-se-coronaron-campeonas-provinciales-en-mar-del-plata\/","title":{"rendered":"Olavarrienses se coronaron campeonas provinciales en Mar del Plata"},"content":{"rendered":"\n<div class=\"wp-block-group is-layout-constrained wp-block-group-is-layout-constrained\">\n<p>Consagradas, combinado femenino integrado por jugadoras de la ciudad, compiti\u00f3 en un Torneo de F\u00fatbol 7 en \u201cLa Feliz\u201d y venci\u00f3 en la definici\u00f3n de la Copa de Plata a Huracanes de Rauch.<!--more--><\/p>\n<hr \/>\n<p>Entre viernes y s\u00e1bado pasado, la ciudad balnearia alberg\u00f3 la <strong>F7 Cup Internacional<\/strong>, un torneo regional de f\u00fatbol 7 donde compiti\u00f3 <strong>Consagradas<\/strong>, el equipo femenino que represent\u00f3 a Olavarr\u00eda.<\/p>\n<p>\u00a0<\/p>\n<p>En el camino de la Copa de Plata, el combinado local venci\u00f3 <strong>3 a 2<\/strong> en los penales a Pasalo a Nafta tras igualar<strong> 2 a 2<\/strong> en tiempo reglamentario y posteriormente, en semifinales, se impuso<strong> 3 a 1<\/strong> contra Oktubre.<\/p>\n<p>\u00a0<\/p>\n<p>Luego de ir escalando instancias, <strong>en la final, Consagradas super\u00f3 2 a 0 a Huracanes de Rauch y se coronaron campeonas de la Copa de Plata con goles de Claudia Zapata y Johana Pereyra<\/strong>.<\/p>\n<p>\u00a0<\/p>\n<p>El equipo estuvo integrado por Natalia Moreira, Guadalupe Ochoa, Roc\u00edo Gim\u00e9nez, Micaela Peralta, Roc\u00edo N\u00fa\u00f1ez, Leo Amundarain, Danila Delpiani, Melani G\u00f3mez, Bel\u00e9n N\u00fa\u00f1ez, Camila Piecenti, Claudia Zapata y Johana Pereyra. Dirigi\u00f3 t\u00e9cnicamente Juan \u201cManteca\u201d Fern\u00e1ndez.<\/p>\n<\/div>\n","protected":false},"excerpt":{"rendered":"<p>Consagradas, combinado femenino integrado por jugadoras de la ciudad, compiti\u00f3 en un Torneo de F\u00fatbol 7 en \u201cLa Feliz\u201d y<\/p>\n","protected":false},"author":96739694,"featured_media":159140,"comment_status":"closed","ping_status":"closed","sticky":false,"template":"","format":"standard","meta":{"_jetpack_memberships_contains_paid_content":false,"footnotes":""},"categories":[47,35,1],"tags":[],"class_list":["post-138168","post","type-post","status-publish","format-standard","has-post-thumbnail","hentry","category-femenino","category-futbol","category-portada"],"jetpack_featured_media_url":"https:\/\/i0.wp.com\/cdnoticias.com\/wp-content\/uploads\/2023\/12\/Consagradas-campeonas-F7-e1702512030788.jpeg?fit=895%2C573&ssl=1","jetpack_sharing_enabled":true,"_links":{"self":[{"href":"https:\/\/cdnoticias.com\/index.php\/wp-json\/wp\/v2\/posts\/138168","targetHints":{"allow":["GET"]}}],"collection":[{"href":"https:\/\/cdnoticias.com\/index.php\/wp-json\/wp\/v2\/posts"}],"about":[{"href":"https:\/\/cdnoticias.com\/index.php\/wp-json\/wp\/v2\/types\/post"}],"author":[{"embeddable":true,"href":"https:\/\/cdnoticias.com\/index.php\/wp-json\/wp\/v2\/users\/96739694"}],"replies":[{"embeddable":true,"href":"https:\/\/cdnoticias.com\/index.php\/wp-json\/wp\/v2\/comments?post=138168"}],"version-history":[{"count":0,"href":"https:\/\/cdnoticias.com\/index.php\/wp-json\/wp\/v2\/posts\/138168\/revisions"}],"wp:featuredmedia":[{"embeddable":true,"href":"https:\/\/cdnoticias.com\/index.php\/wp-json\/wp\/v2\/media\/159140"}],"wp:attachment":[{"href":"https:\/\/cdnoticias.com\/index.php\/wp-json\/wp\/v2\/media?parent=138168"}],"wp:term":[{"taxonomy":"category","embeddable":true,"href":"https:\/\/cdnoticias.com\/index.php\/wp-json\/wp\/v2\/categories?post=138168"},{"taxonomy":"post_tag","embeddable":true,"href":"https:\/\/cdnoticias.com\/index.php\/wp-json\/wp\/v2\/tags?post=138168"}],"curies":[{"name":"wp","href":"https:\/\/api.w.org\/{rel}","templated":true}]}}