{"id":138167,"date":"2023-12-13T20:05:14","date_gmt":"2023-12-13T23:05:14","guid":{"rendered":"https:\/\/centraldeportes.com.ar\/?p=46321"},"modified":"2025-02-12T23:25:53","modified_gmt":"2025-02-13T02:25:53","slug":"hubo-podios-olavarrienses-para-representantes-locales","status":"publish","type":"post","link":"https:\/\/cdnoticias.com\/index.php\/2023\/12\/13\/hubo-podios-olavarrienses-para-representantes-locales\/","title":{"rendered":"Hubo podios olavarrienses para representantes locales"},"content":{"rendered":"<p>Entre el jueves y el pasado domingo hubo diferentes festivales con nutrida cantidad de ciclistas olavarrienses y varios que lograron subirse al podio.<!--more--><\/p>\n<hr \/>\n<p>Por un lado, <strong>en Azul se corri\u00f3 la segunda fecha de los tradicionales Torneo Nocturnos<\/strong> y<strong> en Tapalqu\u00e9 se corri\u00f3 un festival fiscalizado por la Federaci\u00f3n Olavarr\u00eda Centro<\/strong> que cont\u00f3 con un muy buen marco de p\u00fablico.<\/p>\n<p>&nbsp;<\/p>\n<p>En la vecina localidad de Azul hubo festejos para <strong>Fiamma Abrisqueta, Francisco Posse, Jorge Maldonado y Pedro Rojas<\/strong> y en Tapalqu\u00e9,<strong> Francisco Posse y Pedro Rojas<\/strong> repitieron triunfo. Adem\u00e1s, gan\u00f3 <strong>Leandro Dastugue<\/strong>.<\/p>\n<p>&nbsp;<\/p>\n<ul>\n<li>\n<h6><strong>Los resultados en Azul:<\/strong><\/h6>\n<\/li>\n<\/ul>\n<p>&nbsp;<\/p>\n<h6>Damas<\/h6>\n<p>1\u00b0 Fiama Abrisqueta (Olavarr\u00eda)<\/p>\n<p>2\u00b0 Naky Barrag\u00e1n (Rauch)<\/p>\n<p>3\u00b0 Selva Pagano (Rauch)<\/p>\n<p>4\u00b0 Abril Azimonti (Azul)<\/p>\n<p>5\u00b0 Cielo Randazzo (Olavarr\u00eda)<\/p>\n<p>6\u00b0 Anabella Vigo (Olavarr\u00eda)<\/p>\n<p>&nbsp;<\/p>\n<h6>Master D<\/h6>\n<p>1\u00b0 Francisco Posse (Olavarr\u00eda)<\/p>\n<p>2\u00b0 Gustavo Tobal (Lober\u00eda)<\/p>\n<p>3\u00b0 Pedro Ledesma (Chivilcoy)<\/p>\n<p>4\u00b0 Carlos Ba\u00f1os (Olavarr\u00eda)<\/p>\n<p>5\u00b0 Carlos Tolosa (Saladillo)<\/p>\n<p>6\u00b0 Jorge Olmedo (Olavarr\u00eda)<\/p>\n<p>&nbsp;<\/p>\n<h6>Mayores de 40 a\u00f1os de edad<\/h6>\n<p>1\u00b0 Jorge Maldonado (Olavarr\u00eda)<\/p>\n<p>2\u00b0 Carlos Arias (Tapalqu\u00e9)<\/p>\n<p>3\u00b0 Alejandro Garc\u00eda (Olavarr\u00eda)<\/p>\n<p>4\u00b0 Jos\u00e9 Barrag\u00e1n (Rauch)<\/p>\n<p>5\u00b0 Fabi\u00e1n Arrozeres (Tandil)<\/p>\n<p>&nbsp;<\/p>\n<h6>Menores de 40 a\u00f1os de edad<\/h6>\n<p>1\u00b0 Pedro Rojas (Olavarr\u00eda)<\/p>\n<p>2\u00b0 El\u00edas P\u00e9rez (Azul)<\/p>\n<p>3\u00b0 Mariano Almada (Olavarr\u00eda)<\/p>\n<p>4\u00b0 Joaqu\u00edn Melo (Las Flores)<\/p>\n<p>5\u00b0 Diego Vales (Olavarr\u00eda)<\/p>\n<p>&nbsp;<\/p>\n<h6>M\u00e1ster C<\/h6>\n<p>1\u00b0 Carlos Piazza (Azul)<\/p>\n<p>2\u00b0 Miguel Ocanto (Azul)<\/p>\n<p>3\u00b0 Oscar Valetutto (Olavarr\u00eda)<\/p>\n<p>4\u00b0 Rafael Erripa (Olavarr\u00eda)<\/p>\n<p>5\u00b0 Alejandro Delgado (Las Flores)<\/p>\n<p>&nbsp;<\/p>\n<h6>M\u00e1ster B<\/h6>\n<p>1\u00b0 Fernando Vignau (Azul)<\/p>\n<p>2\u00b0 Adri\u00e1n Sosa (Lober\u00eda)<\/p>\n<p>3\u00b0 Marcelo Borneo (Azul)<\/p>\n<p>4\u00b0 Juliano P\u00e9rez (Coronel Pringles)<\/p>\n<p>5\u00b0 Mauricio Mazzante (Azul)<\/p>\n<p>6\u00b0 Marcos Sosa (Olavarr\u00eda)<\/p>\n<p>&nbsp;<\/p>\n<h6>\u00c9lite I y II<\/h6>\n<p>1\u00b0 Gonzalo Seoane (Cachar\u00ed)<\/p>\n<p>2\u00b0 Dami\u00e1n Almir\u00f3n (Lober\u00eda)<\/p>\n<p>3\u00b0 Facundo Dumerauf (Olavarr\u00eda)<\/p>\n<p>4\u00b0 William Brun (Olavarr\u00eda)<\/p>\n<p>5\u00b0 Brian D\u00edaz (Alvear)<\/p>\n<p>&nbsp;<\/p>\n<h6>M\u00e1ster A y Juniors<\/h6>\n<p>1\u00b0 Dami\u00e1n Almir\u00f3n (Lober\u00eda)<\/p>\n<p>2\u00b0 Juan Bonz\u00f3n (Mar del Plata)<\/p>\n<p>3\u00b0 Joaqu\u00edn Peralta (Tapalqu\u00e9)<\/p>\n<p>4\u00b0 Rub\u00e9n Torres (Olavarr\u00eda)<\/p>\n<p>5\u00b0 Timoteo Far\u00edas (Azul)<\/p>\n","protected":false},"excerpt":{"rendered":"<p>Entre el jueves y el pasado domingo hubo diferentes festivales con nutrida cantidad de ciclistas olavarrienses y varios que lograron<\/p>\n","protected":false},"author":96739694,"featured_media":159142,"comment_status":"closed","ping_status":"closed","sticky":false,"template":"","format":"standard","meta":{"_jetpack_memberships_contains_paid_content":false,"footnotes":""},"categories":[30,1],"tags":[],"class_list":["post-138167","post","type-post","status-publish","format-standard","has-post-thumbnail","hentry","category-polideportivo","category-portada"],"jetpack_featured_media_url":"https:\/\/i0.wp.com\/cdnoticias.com\/wp-content\/uploads\/2023\/12\/Festival-Ciclismo-en-Azul-diciembre-2023.jpeg?fit=777%2C437&ssl=1","jetpack_sharing_enabled":true,"_links":{"self":[{"href":"https:\/\/cdnoticias.com\/index.php\/wp-json\/wp\/v2\/posts\/138167","targetHints":{"allow":["GET"]}}],"collection":[{"href":"https:\/\/cdnoticias.com\/index.php\/wp-json\/wp\/v2\/posts"}],"about":[{"href":"https:\/\/cdnoticias.com\/index.php\/wp-json\/wp\/v2\/types\/post"}],"author":[{"embeddable":true,"href":"https:\/\/cdnoticias.com\/index.php\/wp-json\/wp\/v2\/users\/96739694"}],"replies":[{"embeddable":true,"href":"https:\/\/cdnoticias.com\/index.php\/wp-json\/wp\/v2\/comments?post=138167"}],"version-history":[{"count":0,"href":"https:\/\/cdnoticias.com\/index.php\/wp-json\/wp\/v2\/posts\/138167\/revisions"}],"wp:featuredmedia":[{"embeddable":true,"href":"https:\/\/cdnoticias.com\/index.php\/wp-json\/wp\/v2\/media\/159142"}],"wp:attachment":[{"href":"https:\/\/cdnoticias.com\/index.php\/wp-json\/wp\/v2\/media?parent=138167"}],"wp:term":[{"taxonomy":"category","embeddable":true,"href":"https:\/\/cdnoticias.com\/index.php\/wp-json\/wp\/v2\/categories?post=138167"},{"taxonomy":"post_tag","embeddable":true,"href":"https:\/\/cdnoticias.com\/index.php\/wp-json\/wp\/v2\/tags?post=138167"}],"curies":[{"name":"wp","href":"https:\/\/api.w.org\/{rel}","templated":true}]}}