{"id":138160,"date":"2023-12-12T06:49:12","date_gmt":"2023-12-12T09:49:12","guid":{"rendered":"https:\/\/centraldeportes.com.ar\/?p=46289"},"modified":"2025-02-12T23:24:30","modified_gmt":"2025-02-13T02:24:30","slug":"la-gran-final-entre-racing-y-embajadores-tuvo-su-presentacion-oficial","status":"publish","type":"post","link":"https:\/\/cdnoticias.com\/index.php\/2023\/12\/12\/la-gran-final-entre-racing-y-embajadores-tuvo-su-presentacion-oficial\/","title":{"rendered":"La gran final entre Racing y Embajadores tuvo su presentaci\u00f3n oficial"},"content":{"rendered":"\n<div class=\"wp-block-group is-layout-constrained wp-block-group-is-layout-constrained\">\n<p>A modo de previa, este lunes por la tarde noche en la sede de la Liga de F\u00fatbol de Olavarr\u00eda se conocieron detalles organizativos de la definici\u00f3n que dejar\u00e1 al campe\u00f3n del Torneo Anual.<!--more--><\/p>\n<hr \/>\n<p>Con la presencia de <strong>Guillermo \u201cTony\u201d Pelliccioni<\/strong>, nombre que lleva el actual torneo liguista, este lunes por la tarde noche mediante conferencia de prensa, se llev\u00f3 adelante la presentaci\u00f3n oficial de la <strong>final del Torneo Anual que disputar\u00e1n Embajadores y Racing este martes desde las 20:30 horas en el Parque Carlos Guerrero<\/strong>.<\/p>\n<p>\u00a0<\/p>\n<p><img data-recalc-dims=\"1\" loading=\"lazy\" decoding=\"async\" class=\"aligncenter size-full wp-image-46293\" src=\"https:\/\/i0.wp.com\/cdnoticias.com\/wp-content\/uploads\/2023\/12\/Presentacion-Final-Torneo-Anual3-e1702374541958.jpeg?resize=800%2C494&#038;ssl=1\" alt=\"\" width=\"800\" height=\"494\" \/><\/p>\n<p>\u00a0<\/p>\n<p>Encabezaron la reuni\u00f3n <strong>Pablo Palahy<\/strong> y <strong>Mario Patern\u00f3<\/strong>, presidente y vicepresidente de la Liga de F\u00fatbol de Olavarr\u00eda respectivamente; los m\u00e1ximos dirigentes de Racing y Embajadores, <strong>Mario Giacomaso y Fernando Di Carlo<\/strong>; <strong>Luciano Bilbao<\/strong> (DT) y <strong>Juan Cruz Areco<\/strong> en representaci\u00f3n del CEO y <strong>Gonzalo Izaguirre<\/strong> por el lado del \u201cChaira\u201d. Adem\u00e1s, estuvo presente el \u00e1rbitro que dirigir\u00e1 la final, <strong>Marcos Palavecino<\/strong>.<\/p>\n<p>\u00a0<\/p>\n<p>En cuanto a lo organizativo, se defini\u00f3 que e<strong>l conjunto de la avenida Avellaneda ser\u00e1 el local<\/strong>, por lo que<strong> el p\u00fablico de \u201cLa Estrellita\u201d acceder\u00e1 al estadio por calle Lavalle<\/strong>. A su vez, se montar\u00e1 un operativo con 30 efectivos policiales.<\/p>\n<p>\u00a0<\/p>\n<div class=\"tiled-gallery type-rectangular tiled-gallery-unresized\" data-original-width=\"800\" data-carousel-extra='null' itemscope itemtype=\"http:\/\/schema.org\/ImageGallery\" > <div class=\"gallery-row\" style=\"width: 800px; height: 449px;\" data-original-width=\"800\" data-original-height=\"449\" > <div class=\"gallery-group images-1\" style=\"width: 800px; height: 449px;\" data-original-width=\"800\" data-original-height=\"449\" > <div class=\"tiled-gallery-item tiled-gallery-item-large\" itemprop=\"associatedMedia\" itemscope itemtype=\"http:\/\/schema.org\/ImageObject\"> <a href=\"https:\/\/i0.wp.com\/cdnoticias.com\/wp-content\/uploads\/2022\/02\/Robo-luminarias-01-e1644612496587.jpg?ssl=1\" border=\"0\" itemprop=\"url\"> <meta itemprop=\"width\" content=\"796\"> <meta itemprop=\"height\" content=\"445\"> <img decoding=\"async\" class=\"\" data-attachment-id=\"46290\" data-orig-file=\"https:\/\/cdnoticias.com\/wp-content\/uploads\/2022\/02\/Robo-luminarias-01-e1644612496587.jpg\" data-orig-size=\"1196,668\" data-comments-opened=\"\" data-image-meta=\"{&quot;aperture&quot;:&quot;0&quot;,&quot;credit&quot;:&quot;&quot;,&quot;camera&quot;:&quot;&quot;,&quot;caption&quot;:&quot;&quot;,&quot;created_timestamp&quot;:&quot;0&quot;,&quot;copyright&quot;:&quot;&quot;,&quot;focal_length&quot;:&quot;0&quot;,&quot;iso&quot;:&quot;0&quot;,&quot;shutter_speed&quot;:&quot;0&quot;,&quot;title&quot;:&quot;&quot;,&quot;orientation&quot;:&quot;1&quot;}\" data-image-title=\"Robo luminarias 01\" data-image-description=\"\" data-medium-file=\"https:\/\/i0.wp.com\/cdnoticias.com\/wp-content\/uploads\/2022\/02\/Robo-luminarias-01-e1644612496587.jpg?fit=300%2C168&#038;ssl=1\" data-large-file=\"https:\/\/i0.wp.com\/cdnoticias.com\/wp-content\/uploads\/2022\/02\/Robo-luminarias-01-e1644612496587.jpg?fit=800%2C447&#038;ssl=1\" src=\"https:\/\/i0.wp.com\/cdnoticias.com\/wp-content\/uploads\/2022\/02\/Robo-luminarias-01-e1644612496587.jpg?w=796&#038;h=445&#038;ssl=1\" srcset=\"https:\/\/i0.wp.com\/cdnoticias.com\/wp-content\/uploads\/2022\/02\/Robo-luminarias-01-e1644612496587.jpg?w=1196&amp;ssl=1 1196w, https:\/\/i0.wp.com\/cdnoticias.com\/wp-content\/uploads\/2022\/02\/Robo-luminarias-01-e1644612496587.jpg?resize=300%2C168&amp;ssl=1 300w, https:\/\/i0.wp.com\/cdnoticias.com\/wp-content\/uploads\/2022\/02\/Robo-luminarias-01-e1644612496587.jpg?resize=1024%2C572&amp;ssl=1 1024w, https:\/\/i0.wp.com\/cdnoticias.com\/wp-content\/uploads\/2022\/02\/Robo-luminarias-01-e1644612496587.jpg?resize=768%2C429&amp;ssl=1 768w\" width=\"796\" height=\"445\" loading=\"lazy\" data-original-width=\"796\" data-original-height=\"445\" itemprop=\"http:\/\/schema.org\/image\" title=\"Robo luminarias 01\" alt=\"Robo luminarias 01\" style=\"width: 796px; height: 445px;\" \/> <\/a> <\/div> <\/div> <!-- close group --> <\/div> <!-- close row --> <\/div>\n<p>\u00a0<\/p>\n<p>\u201c<em><strong>Llegan los dos equipos con mejor actualidad en el f\u00fatbol de Olavarr\u00eda. Va a ser igual de duro que todos los partidos del Regional y del local que jugamos. Nos conocemos demasiado<\/strong>\u201d, <\/em>manifest\u00f3 Izaguirre.<\/p>\n<p>\u00a0<\/p>\n<p>Por otro lado, tom\u00f3 la palabra Juan Cruz Areco y sostuvo que: \u201c<strong><em>Estamos muy contentos de haber conseguido una nueva final. Trabajamos todo el a\u00f1o para llegar a las \u00faltimas instancias, no se nos dio por el Regional lamentablemente, pero vamos a pelear por la plaza del a\u00f1o que viene<\/em><\/strong>\u201d.<\/p>\n<\/div>\n","protected":false},"excerpt":{"rendered":"<p>A modo de previa, este lunes por la tarde noche en la sede de la Liga de F\u00fatbol de Olavarr\u00eda<\/p>\n","protected":false},"author":96739694,"featured_media":159047,"comment_status":"closed","ping_status":"closed","sticky":false,"template":"","format":"standard","meta":{"_jetpack_memberships_contains_paid_content":false,"footnotes":""},"categories":[35,1,41],"tags":[],"class_list":["post-138160","post","type-post","status-publish","format-standard","has-post-thumbnail","hentry","category-futbol","category-portada","category-primera-y-reserva"],"jetpack_featured_media_url":"https:\/\/i0.wp.com\/cdnoticias.com\/wp-content\/uploads\/2023\/12\/Presentacion-Final-Torneo-Anual-e1702374476957.jpeg?fit=830%2C573&ssl=1","jetpack_sharing_enabled":true,"_links":{"self":[{"href":"https:\/\/cdnoticias.com\/index.php\/wp-json\/wp\/v2\/posts\/138160","targetHints":{"allow":["GET"]}}],"collection":[{"href":"https:\/\/cdnoticias.com\/index.php\/wp-json\/wp\/v2\/posts"}],"about":[{"href":"https:\/\/cdnoticias.com\/index.php\/wp-json\/wp\/v2\/types\/post"}],"author":[{"embeddable":true,"href":"https:\/\/cdnoticias.com\/index.php\/wp-json\/wp\/v2\/users\/96739694"}],"replies":[{"embeddable":true,"href":"https:\/\/cdnoticias.com\/index.php\/wp-json\/wp\/v2\/comments?post=138160"}],"version-history":[{"count":0,"href":"https:\/\/cdnoticias.com\/index.php\/wp-json\/wp\/v2\/posts\/138160\/revisions"}],"wp:featuredmedia":[{"embeddable":true,"href":"https:\/\/cdnoticias.com\/index.php\/wp-json\/wp\/v2\/media\/159047"}],"wp:attachment":[{"href":"https:\/\/cdnoticias.com\/index.php\/wp-json\/wp\/v2\/media?parent=138160"}],"wp:term":[{"taxonomy":"category","embeddable":true,"href":"https:\/\/cdnoticias.com\/index.php\/wp-json\/wp\/v2\/categories?post=138160"},{"taxonomy":"post_tag","embeddable":true,"href":"https:\/\/cdnoticias.com\/index.php\/wp-json\/wp\/v2\/tags?post=138160"}],"curies":[{"name":"wp","href":"https:\/\/api.w.org\/{rel}","templated":true}]}}