{"id":138148,"date":"2023-12-10T12:28:12","date_gmt":"2023-12-10T15:28:12","guid":{"rendered":"https:\/\/centraldeportes.com.ar\/?p=46210"},"modified":"2025-02-12T23:24:47","modified_gmt":"2025-02-13T02:24:47","slug":"ferro-y-el-fortin-clasificados-a-octavos-de-final","status":"publish","type":"post","link":"https:\/\/cdnoticias.com\/index.php\/2023\/12\/10\/ferro-y-el-fortin-clasificados-a-octavos-de-final\/","title":{"rendered":"Ferro y El Fort\u00edn, clasificados a octavos de final"},"content":{"rendered":"\n<div class=\"wp-block-group is-layout-constrained wp-block-group-is-layout-constrained\">\n<p>Ambos elencos lograron sendas victorias en condici\u00f3n de visitante. Los de Torres consiguieron un importante triunfo en Bol\u00edvar y el &#8220;Carbonero&#8221; festej\u00f3 en Azul. Adem\u00e1s, Embajadores se despidi\u00f3 con un empate.<!--more--><\/p>\n<hr \/>\n<p>En el marco de la definici\u00f3n de las fases grupales de la <strong>Regi\u00f3n Pampeana Sur<\/strong>, tres de los representantes olavarrienses finalizaron su participaci\u00f3n de la primera fase en condici\u00f3n de visitante y dos de ellos lograron sellaron el pase a los octavos de final.<\/p>\n<p>\u00a0<\/p>\n<p>Por la Zona 8, El Fort\u00edn pis\u00f3 fuerte en Bol\u00edvar y consigui\u00f3 tres puntos vitales para finalizar primeros de grupo con 11 puntos. <strong>Con doblete de Leonardo Benito &#8211; ambos en el arranque de cada tiempo &#8211; el conjunto dirigido por Fabricio Torres derrot\u00f3 2 a 1 a Balonpi\u00e9<\/strong>, que lleg\u00f3 al descuento de penal por intermedio de <strong>Pedro Galv\u00e1n<\/strong>.<\/p>\n<p>\u00a0<\/p>\n<p>El combinado de la avenida Urquiza formo con: Franco Peralta; Lautaro Eseberri (F. Bustos), Hugo Larregina, Enzo Barrientos, Cristian Echarri; Marcos Bonavetti, Bernardo Junger, Mat\u00edas Abelairas, Leonardo Benito (S. Rodr\u00edguez), Emiliano Piecenti (L. Ferrara) y Yoel Gonz\u00e1lez (A. Hatrick).<\/p>\n<p>\u00a0<\/p>\n<p><img data-recalc-dims=\"1\" loading=\"lazy\" decoding=\"async\" class=\"aligncenter size-large wp-image-46213\" src=\"https:\/\/i0.wp.com\/cdnoticias.com\/wp-content\/uploads\/2023\/12\/IMG-20231209-WA0045.jpg?resize=800%2C534&#038;ssl=1\" alt=\"\" width=\"800\" height=\"534\" \/><\/p>\n<p>\u00a0<\/p>\n<p>Por otro lado, <strong>Ferro venci\u00f3 por la m\u00ednima diferencia a Sportivo Piazza en Azul<\/strong> y culmin\u00f3 en el mejor puesto de la Zona 9 con 13 unidades. Fue 1 a 0 el triunfo &#8220;Carbonero&#8221; y el \u00fanico gol lo convirti\u00f3 <strong>Juan Manuel Ponce<\/strong> en la etapa complementaria.<\/p>\n<p>\u00a0<\/p>\n<p>En paralelo, <strong>Embajadores<\/strong>, ya eliminado de antemano de la competencia, viaj\u00f3 a Tandil para cerrar su participaci\u00f3n y <strong>reparti\u00f3 puntos con Gimnasia y Esgrima de Tandil tras igualar 0 a 0<\/strong>. De esta forma, el CEO termin\u00f3 segundo con 4 puntos en la Zona 10 por detr\u00e1s de Racing que finaliz\u00f3 con 12.<\/p>\n<p>\u00a0<\/p>\n<p><strong>S\u00edntesis Sportivo Piazza &#8211; Ferro Carril Sud:<\/strong><\/p>\n<p><strong>Sportivo Piazza (0):<\/strong> Luciano Di Blasio (F. Petit), Mat\u00edas Rold\u00e1n, Ezequiel Brienzo, Ramiro Funes, El\u00edas Errobidart; Federico Di Lorenzo, Emilio Brienzo (J. Freitas), Lucas Laguna (A. Fierro), Alan Chazarreta (M. Duarte), Pablo Fittipaldi y Salvador Callejos (D. Divitto). DT-Luis Paz.<\/p>\n<p><strong>Ferro (1):<\/strong> Tom\u00e1s Casas; Braian Tello, Enzo Suarez, Mateo Tamagnini, Franco Hammerschmidt; Agust\u00edn Acu\u00f1a (J. Ponce), Mat\u00edas Jalil, Diego San Juli\u00e1n (R. Tolnai), El\u00edas Guti\u00e9rrez (M. Gargaglione); Axel Bali\u00f1o (J. Berd\u00fan) y Rodrigo Garro (Benito). DT-Miguel Diorio.<\/p>\n<p><strong>Goles:<\/strong> 30m. ST Juan Manuel Ponce (FCS).<\/p>\n<p><strong>Amonestados:<\/strong> Su\u00e1rez, San Juli\u00e1n y Tello (Ferro).<\/p>\n<p><strong>Expulsados:<\/strong> No hubo.<\/p>\n<p><strong>\u00c1rbitro:<\/strong> Daniel Gerez (Coronel Vidal). <strong>Estadio:<\/strong> F\u00e9lix Piazza.<\/p>\n<p>\u00a0<\/p>\n<p><em><strong>Fotos: Verito Fotograf\u00edas.<\/strong><\/em><\/p>\n<\/div>\n","protected":false},"excerpt":{"rendered":"<p>Ambos elencos lograron sendas victorias en condici\u00f3n de visitante. Los de Torres consiguieron un importante triunfo en Bol\u00edvar y el<\/p>\n","protected":false},"author":96739694,"featured_media":159076,"comment_status":"closed","ping_status":"closed","sticky":false,"template":"","format":"standard","meta":{"_jetpack_memberships_contains_paid_content":false,"footnotes":""},"categories":[35,1,54],"tags":[],"class_list":["post-138148","post","type-post","status-publish","format-standard","has-post-thumbnail","hentry","category-futbol","category-portada","category-torneo-regional-amateur"],"jetpack_featured_media_url":"https:\/\/i0.wp.com\/cdnoticias.com\/wp-content\/uploads\/2023\/12\/IMG-20231209-WA0042.jpg?fit=937%2C691&ssl=1","jetpack_sharing_enabled":true,"_links":{"self":[{"href":"https:\/\/cdnoticias.com\/index.php\/wp-json\/wp\/v2\/posts\/138148","targetHints":{"allow":["GET"]}}],"collection":[{"href":"https:\/\/cdnoticias.com\/index.php\/wp-json\/wp\/v2\/posts"}],"about":[{"href":"https:\/\/cdnoticias.com\/index.php\/wp-json\/wp\/v2\/types\/post"}],"author":[{"embeddable":true,"href":"https:\/\/cdnoticias.com\/index.php\/wp-json\/wp\/v2\/users\/96739694"}],"replies":[{"embeddable":true,"href":"https:\/\/cdnoticias.com\/index.php\/wp-json\/wp\/v2\/comments?post=138148"}],"version-history":[{"count":0,"href":"https:\/\/cdnoticias.com\/index.php\/wp-json\/wp\/v2\/posts\/138148\/revisions"}],"wp:featuredmedia":[{"embeddable":true,"href":"https:\/\/cdnoticias.com\/index.php\/wp-json\/wp\/v2\/media\/159076"}],"wp:attachment":[{"href":"https:\/\/cdnoticias.com\/index.php\/wp-json\/wp\/v2\/media?parent=138148"}],"wp:term":[{"taxonomy":"category","embeddable":true,"href":"https:\/\/cdnoticias.com\/index.php\/wp-json\/wp\/v2\/categories?post=138148"},{"taxonomy":"post_tag","embeddable":true,"href":"https:\/\/cdnoticias.com\/index.php\/wp-json\/wp\/v2\/tags?post=138148"}],"curies":[{"name":"wp","href":"https:\/\/api.w.org\/{rel}","templated":true}]}}