{"id":138141,"date":"2023-12-09T11:23:29","date_gmt":"2023-12-09T14:23:29","guid":{"rendered":"https:\/\/centraldeportes.com.ar\/?p=46160"},"modified":"2025-02-12T23:24:59","modified_gmt":"2025-02-13T02:24:59","slug":"nacho-palahy-volvio-a-subirse-al-ring-en-el-ultimo-festival-del-ano","status":"publish","type":"post","link":"https:\/\/cdnoticias.com\/index.php\/2023\/12\/09\/nacho-palahy-volvio-a-subirse-al-ring-en-el-ultimo-festival-del-ano\/","title":{"rendered":"\u201cNacho\u201d Palahy volvi\u00f3 a subirse al ring en el \u00faltimo festival del a\u00f1o"},"content":{"rendered":"\n<div class=\"wp-block-group is-layout-constrained wp-block-group-is-layout-constrained\">\n<p>Fue en un combate exhibici\u00f3n de dos rounds con otros emblemas de la Ciudad. Adem\u00e1s, hubo diez peleas amateurs y dos t\u00edtulos en juego en el \u00faltimo Festival del a\u00f1o llevado a cabo en el Club El Fort\u00edn.<!--more--><\/p>\n<hr \/>\n<p>Organizado por <strong>Carlos L\u00f3pez<\/strong> y fiscalizado por la <strong>Comisi\u00f3n Municipal<\/strong>, el boxeo olavarriense despidi\u00f3 el a\u00f1o y entre las presentaciones de los p\u00fagiles locales y el cierre por un t\u00edtulo provincial, volvi\u00f3 a subirse al ring <strong>Ignacio \u201cNacho\u201d Palahy<\/strong>.<\/p>\n<p>\u00a0<\/p>\n<p>Uno de los p\u00fagiles destacados en el pasado inmediato realiz\u00f3 una exhibici\u00f3n a dos rounds junto a <strong>Gonzalo \u201cLa Pantera\u201d Andreasen y Pablo Melo<\/strong> ante la atenta mirada del buen marco de p\u00fablico que se acerc\u00f3 al recinto \u201cFortinero\u201d.<\/p>\n<p>\u00a0<\/p>\n<p>Adem\u00e1s, en los combates destacados hubo t\u00edtulo para <strong>Jerem\u00edas Perinch\u00f3n<\/strong> de la Escuela de Otto Box fue al derrotar a <strong>Benjam\u00edn Capra<\/strong> y para <strong>Karim Crucce<\/strong>, que siguiendo su legado familiar, logr\u00f3 el t\u00edtulo de campe\u00f3n provincial al derrotar por la v\u00eda r\u00e1pida a <strong>Marcelo G\u00f3mez<\/strong>.<\/p>\n<p>\u00a0<\/p>\n\n<p>\u00a0<\/p>\n<ul>\n<li>\n<h6><strong>Los resultados:<\/strong><\/h6>\n<\/li>\n<\/ul>\n<p>\u00a0<\/p>\n<p>Federico Taverna (Las Flores) venci\u00f3 a Mateo Chistaro (25 de Mayo)<\/p>\n<p>Carlos S\u00e1nchez (Olavarr\u00eda perdi\u00f3 con Sergio Su\u00e1rez (Las Flores)<\/p>\n<p>Luz D\u00edaz (Benito Ju\u00e1rez) empat\u00f3 con Sol Rodr\u00edguez (Laprida)<\/p>\n<p>Jerem\u00edas Perich\u00f3n (Olavarr\u00eda) derrot\u00f3 a Benjam\u00edn Capra (Carlos Casares). Por el t\u00edtulo de campe\u00f3n provincial<\/p>\n<p>Tom\u00e1s Coca (Olavarr\u00eda) empat\u00f3 con Santiago Del Grecco (Las Flores)<\/p>\n<p>Rosa Berm\u00fadez (Olavarr\u00eda) empat\u00f3 con Gabriela Ledesma (Villa Gesell)<\/p>\n<p>Uriel Barrag\u00e1n (Olavarr\u00eda) le gan\u00f3 a Diego Ruiz (La Pampa)<\/p>\n<p>\u00a0<\/p>\n<h6>Semifondo:<\/h6>\n<p>Isa\u00edas Olivetto (Olavarr\u00eda) se impuso a Enzo Menna (Laprida)<\/p>\n<p>\u00a0<\/p>\n<h6>Fondo:<\/h6>\n<p>Karim Crucce (Las Flores) gan\u00f3 por RCS a Marcelo G\u00f3mez (25 de Mayo). Por el t\u00edtulo de campe\u00f3n provincial<\/p>\n<\/div>\n","protected":false},"excerpt":{"rendered":"<p>Fue en un combate exhibici\u00f3n de dos rounds con otros emblemas de la Ciudad. Adem\u00e1s, hubo diez peleas amateurs y<\/p>\n","protected":false},"author":96739694,"featured_media":159091,"comment_status":"closed","ping_status":"closed","sticky":false,"template":"","format":"standard","meta":{"_jetpack_memberships_contains_paid_content":false,"footnotes":""},"categories":[30,1],"tags":[],"class_list":["post-138141","post","type-post","status-publish","format-standard","has-post-thumbnail","hentry","category-polideportivo","category-portada"],"jetpack_featured_media_url":"https:\/\/i0.wp.com\/cdnoticias.com\/wp-content\/uploads\/2023\/12\/WhatsApp-Image-2023-12-09-at-11.19.46.jpeg?fit=1280%2C960&ssl=1","jetpack_sharing_enabled":true,"_links":{"self":[{"href":"https:\/\/cdnoticias.com\/index.php\/wp-json\/wp\/v2\/posts\/138141","targetHints":{"allow":["GET"]}}],"collection":[{"href":"https:\/\/cdnoticias.com\/index.php\/wp-json\/wp\/v2\/posts"}],"about":[{"href":"https:\/\/cdnoticias.com\/index.php\/wp-json\/wp\/v2\/types\/post"}],"author":[{"embeddable":true,"href":"https:\/\/cdnoticias.com\/index.php\/wp-json\/wp\/v2\/users\/96739694"}],"replies":[{"embeddable":true,"href":"https:\/\/cdnoticias.com\/index.php\/wp-json\/wp\/v2\/comments?post=138141"}],"version-history":[{"count":0,"href":"https:\/\/cdnoticias.com\/index.php\/wp-json\/wp\/v2\/posts\/138141\/revisions"}],"wp:featuredmedia":[{"embeddable":true,"href":"https:\/\/cdnoticias.com\/index.php\/wp-json\/wp\/v2\/media\/159091"}],"wp:attachment":[{"href":"https:\/\/cdnoticias.com\/index.php\/wp-json\/wp\/v2\/media?parent=138141"}],"wp:term":[{"taxonomy":"category","embeddable":true,"href":"https:\/\/cdnoticias.com\/index.php\/wp-json\/wp\/v2\/categories?post=138141"},{"taxonomy":"post_tag","embeddable":true,"href":"https:\/\/cdnoticias.com\/index.php\/wp-json\/wp\/v2\/tags?post=138141"}],"curies":[{"name":"wp","href":"https:\/\/api.w.org\/{rel}","templated":true}]}}