{"id":138140,"date":"2023-12-09T07:49:49","date_gmt":"2023-12-09T10:49:49","guid":{"rendered":"https:\/\/centraldeportes.com.ar\/?p=46135"},"modified":"2025-02-12T23:25:01","modified_gmt":"2025-02-13T02:25:01","slug":"premier-padel-fede-chingotto-esta-en-semifinales-del-p1-de-milan","status":"publish","type":"post","link":"https:\/\/cdnoticias.com\/index.php\/2023\/12\/09\/premier-padel-fede-chingotto-esta-en-semifinales-del-p1-de-milan\/","title":{"rendered":"Premier Padel: &#8220;Fede&#8221; Chingotto est\u00e1 en semifinales del P1 de Mil\u00e1n"},"content":{"rendered":"<p>Junto su par espa\u00f1ol &#8220;Paquito&#8221; Navarro, vencieron este viernes a Tello &#8211; Ruiz en sets corridos y se metieron entre las cuatro mejores parejas del certamen italiano.<!--more--><\/p>\n<hr \/>\n<p>&#8220;La capital de la moda&#8221; es sede del \u00faltimo torneo del a\u00f1o del circuito profesional de <strong>Premier Padel<\/strong> y este viernes, <strong>Federico Chingotto<\/strong>, con <strong>Francisco Navarro<\/strong> a su lado, logr\u00f3 un importante triunfo y escal\u00f3 a instancias decisivas.<\/p>\n<p>&nbsp;<\/p>\n<p>Por los cuartos de final, enfrentaron en la alfombra central del Allianz Cloud a la dupla integrada por <strong>Juan Tello &#8211; Alejandro Ruiz<\/strong> y consiguieron la victoria en sets consecutivos.<\/p>\n<p>&nbsp;<\/p>\n<p>Al cabo de una hora y veinticuatro minutos de partidos, <strong>el olavarriense y el sevillano se impusieron por 6 &#8211; 2 y 7 &#8211; 5<\/strong> y se metieron en el bolsillo el boleto a semifinales.<\/p>\n<p>&nbsp;<\/p>\n<p>En consecuencia este s\u00e1bado, en el segundo turno de la jornada, se medir\u00e1n en tal instancia frente a los espa\u00f1oles, <strong>Alejandro Gal\u00e1n y Juan Lebr\u00f3n<\/strong>.<\/p>\n<p>&nbsp;<\/p>\n<ul>\n<li>\n<h6><strong>Cuadro principal (anteriores resultados):<\/strong><\/h6>\n<\/li>\n<\/ul>\n<p>&nbsp;<\/p>\n<p>En dieciseisavos: <strong>6 &#8211; 2 y 6 &#8211; 4 a Dom\u00ednguez &#8211; Patiniotis<\/strong> .<\/p>\n<p>En octavos: <strong>6 &#8211; 2 y 6 &#8211; 3 a Bergamini &#8211; Ruiz.<\/strong><\/p>\n<p>&nbsp;<\/p>\n<p><em><strong>Foto: Premier Padel.<\/strong><\/em><\/p>\n","protected":false},"excerpt":{"rendered":"<p>Junto su par espa\u00f1ol &#8220;Paquito&#8221; Navarro, vencieron este viernes a Tello &#8211; Ruiz en sets corridos y se metieron entre<\/p>\n","protected":false},"author":96739694,"featured_media":159094,"comment_status":"closed","ping_status":"closed","sticky":false,"template":"","format":"standard","meta":{"_jetpack_memberships_contains_paid_content":false,"footnotes":""},"categories":[1,55],"tags":[],"class_list":["post-138140","post","type-post","status-publish","format-standard","has-post-thumbnail","hentry","category-portada","category-tenis-padel"],"jetpack_featured_media_url":"https:\/\/i0.wp.com\/cdnoticias.com\/wp-content\/uploads\/2023\/12\/20231209_072323-scaled.jpg?fit=2560%2C1707&ssl=1","jetpack_sharing_enabled":true,"_links":{"self":[{"href":"https:\/\/cdnoticias.com\/index.php\/wp-json\/wp\/v2\/posts\/138140","targetHints":{"allow":["GET"]}}],"collection":[{"href":"https:\/\/cdnoticias.com\/index.php\/wp-json\/wp\/v2\/posts"}],"about":[{"href":"https:\/\/cdnoticias.com\/index.php\/wp-json\/wp\/v2\/types\/post"}],"author":[{"embeddable":true,"href":"https:\/\/cdnoticias.com\/index.php\/wp-json\/wp\/v2\/users\/96739694"}],"replies":[{"embeddable":true,"href":"https:\/\/cdnoticias.com\/index.php\/wp-json\/wp\/v2\/comments?post=138140"}],"version-history":[{"count":0,"href":"https:\/\/cdnoticias.com\/index.php\/wp-json\/wp\/v2\/posts\/138140\/revisions"}],"wp:featuredmedia":[{"embeddable":true,"href":"https:\/\/cdnoticias.com\/index.php\/wp-json\/wp\/v2\/media\/159094"}],"wp:attachment":[{"href":"https:\/\/cdnoticias.com\/index.php\/wp-json\/wp\/v2\/media?parent=138140"}],"wp:term":[{"taxonomy":"category","embeddable":true,"href":"https:\/\/cdnoticias.com\/index.php\/wp-json\/wp\/v2\/categories?post=138140"},{"taxonomy":"post_tag","embeddable":true,"href":"https:\/\/cdnoticias.com\/index.php\/wp-json\/wp\/v2\/tags?post=138140"}],"curies":[{"name":"wp","href":"https:\/\/api.w.org\/{rel}","templated":true}]}}