{"id":138125,"date":"2023-12-06T19:22:20","date_gmt":"2023-12-06T22:22:20","guid":{"rendered":"https:\/\/centraldeportes.com.ar\/?p=46000"},"modified":"2025-02-12T23:22:13","modified_gmt":"2025-02-13T02:22:13","slug":"uco-empezo-a-despedir-la-pista-con-un-festival","status":"publish","type":"post","link":"https:\/\/cdnoticias.com\/index.php\/2023\/12\/06\/uco-empezo-a-despedir-la-pista-con-un-festival\/","title":{"rendered":"UCO empez\u00f3 a despedir la pista con un Festival"},"content":{"rendered":"<p>El pasado s\u00e1bado, y luego de darse a conocer que Racing volver\u00e1 a apropiarse de los terrenos de la pista \u201cHumberto \u00c1ngel Corradi\u201d, hubo un festival organizado por la Uni\u00f3n de Ciclistas Olavarrienses.<!--more--><\/p>\n<hr \/>\n<p>Ciclistas de la Ciudad y la Regi\u00f3n llegaron a la pista para una competencia el pasado s\u00e1bado donde se consagr\u00f3 Federico Brun en la categor\u00eda Libre.<\/p>\n<p>&nbsp;<\/p>\n<p>Adem\u00e1s, en Azul comenzaron las carreras nocturnas con cargada presencia olavarriense el pasado jueves y el domingo, en Tandil, tambi\u00e9n hubo ciclistas en el evento organizado por Uni\u00f3n y Progreso.<\/p>\n<p>&nbsp;<\/p>\n<p>Los resultados:<\/p>\n<p>Libre<br \/>\n1\u00b0 Federico Brun -Olavarr\u00eda<br \/>\n2\u00b0 Facundo Dumerauf -Olavarr\u00eda<br \/>\n3\u00b0 Fernando Vignau -Azul<br \/>\n4\u00b0 Rafael Erripa -Olavarr\u00eda<br \/>\n5\u00b0 Marcos Sosa -Olavarr\u00eda<br \/>\n6\u00b0 Marcos Lobosco &#8211; Trenque Lauquen<br \/>\n7\u00b0 Mariano Erripa -Olavarr\u00eda<br \/>\n8\u00b0 Oscar Valetutto -Olavarr\u00eda<\/p>\n<p>M\u00e1ster B<br \/>\n1\u00b0 Fernando Vignau -Azul<br \/>\n2\u00b0 Marcos Sosa -Olavarr\u00eda<br \/>\n3\u00b0 Mariano Erripa -Olavarr\u00eda<br \/>\n4\u00b0 Esteban Roldan -Olavarr\u00eda<br \/>\n5\u00b0 Mauricio Mazzante \u2013Azul<\/p>\n<p>M\u00e1ster C<br \/>\n1\u00b0 Rafael Erripa &#8211; Olavarr\u00eda<br \/>\n2\u00b0 Oscar Valetutto &#8211; Olavarr\u00eda<br \/>\n3\u00b0 Carlos Piazza -Azul<br \/>\n4\u00b0 Walter Benito &#8211; Olavarr\u00eda<br \/>\n5\u00b0 Marcelo Lara \u2013 Olavarr\u00eda<\/p>\n<p>Menores de 40<br \/>\n1\u00b0 Santiago Erripa &#8211; Olavarr\u00eda<br \/>\n2\u00b0 El\u00edas P\u00e9rez -Azul<br \/>\n3\u00b0 Francisco Lofriego -Azul<br \/>\n4\u00b0 Pablo P\u00e9rez &#8211; Azul<br \/>\n5\u00b0 Martin Trumpio &#8211; Olavarr\u00eda<br \/>\n6\u00b0 Mar\u00eda Germ\u00e1n &#8211; Sierra de la Ventana<\/p>\n<p>Mayores de 40<br \/>\n1\u00b0 Nicol\u00e1s Pereyra &#8211; Tapalqu\u00e9<br \/>\n2\u00b0 Miguel D\u00edaz &#8211; Alvear<br \/>\n3\u00b0 Leandro Dastugue &#8211; Olavarr\u00eda<br \/>\n4\u00b0 Carlos Arias &#8211; Tapalqu\u00e9<br \/>\n5\u00b0 Miguel Yusti &#8211; Olavarr\u00eda<br \/>\n6\u00b0Juan Giordano \u2013 Bol\u00edvar<\/p>\n<p>M\u00e1ster D<br \/>\n1\u00b0 Hugo Trezeguek &#8211; Carlos Casares<br \/>\n2\u00b0 Francisco Posse &#8211; Olavarr\u00eda<br \/>\n3\u00b0 Jorge Olmedo &#8211; Olavarr\u00eda<br \/>\n4\u00b0 Miguel \u00c1ngel D\u00edaz- Alvear<br \/>\n5\u00b0 Roberto Hern\u00e1ndez &#8211; Olavarr\u00eda<br \/>\n6\u00b0 Carlos P\u00e9rez \u2013 Tapalqu\u00e9<\/p>\n<p>Debutantes<br \/>\n1\u00b0 Juan Pablo Tonel &#8211; Olavarr\u00eda<br \/>\n2\u00b0 Facundo Izarriaga &#8211; Olavarr\u00eda<br \/>\n3\u00b0 Joaqu\u00edn Garc\u00eda &#8211; Tapalqu\u00e9<br \/>\n4\u00b0 Carlos Rodr\u00edguez -Azul<br \/>\n5\u00b0 Diego Ramallo &#8211; Sierras Bayas<\/p>\n","protected":false},"excerpt":{"rendered":"<p>El pasado s\u00e1bado, y luego de darse a conocer que Racing volver\u00e1 a apropiarse de los terrenos de la pista<\/p>\n","protected":false},"author":96739694,"featured_media":159018,"comment_status":"closed","ping_status":"closed","sticky":false,"template":"","format":"standard","meta":{"_jetpack_memberships_contains_paid_content":false,"footnotes":""},"categories":[30,1],"tags":[],"class_list":["post-138125","post","type-post","status-publish","format-standard","has-post-thumbnail","hentry","category-polideportivo","category-portada"],"jetpack_featured_media_url":"https:\/\/i0.wp.com\/cdnoticias.com\/wp-content\/uploads\/2023\/12\/393135082_122115236630115258_6909686914725898687_n.jpg?fit=2048%2C1536&ssl=1","jetpack_sharing_enabled":true,"_links":{"self":[{"href":"https:\/\/cdnoticias.com\/index.php\/wp-json\/wp\/v2\/posts\/138125","targetHints":{"allow":["GET"]}}],"collection":[{"href":"https:\/\/cdnoticias.com\/index.php\/wp-json\/wp\/v2\/posts"}],"about":[{"href":"https:\/\/cdnoticias.com\/index.php\/wp-json\/wp\/v2\/types\/post"}],"author":[{"embeddable":true,"href":"https:\/\/cdnoticias.com\/index.php\/wp-json\/wp\/v2\/users\/96739694"}],"replies":[{"embeddable":true,"href":"https:\/\/cdnoticias.com\/index.php\/wp-json\/wp\/v2\/comments?post=138125"}],"version-history":[{"count":0,"href":"https:\/\/cdnoticias.com\/index.php\/wp-json\/wp\/v2\/posts\/138125\/revisions"}],"wp:featuredmedia":[{"embeddable":true,"href":"https:\/\/cdnoticias.com\/index.php\/wp-json\/wp\/v2\/media\/159018"}],"wp:attachment":[{"href":"https:\/\/cdnoticias.com\/index.php\/wp-json\/wp\/v2\/media?parent=138125"}],"wp:term":[{"taxonomy":"category","embeddable":true,"href":"https:\/\/cdnoticias.com\/index.php\/wp-json\/wp\/v2\/categories?post=138125"},{"taxonomy":"post_tag","embeddable":true,"href":"https:\/\/cdnoticias.com\/index.php\/wp-json\/wp\/v2\/tags?post=138125"}],"curies":[{"name":"wp","href":"https:\/\/api.w.org\/{rel}","templated":true}]}}