{"id":138124,"date":"2023-12-06T19:17:13","date_gmt":"2023-12-06T22:17:13","guid":{"rendered":"https:\/\/centraldeportes.com.ar\/?p=45998"},"modified":"2025-02-12T23:22:14","modified_gmt":"2025-02-13T02:22:14","slug":"el-parque-guerrero-vivio-una-fiesta-en-el-1-encuentro-richard-moyano","status":"publish","type":"post","link":"https:\/\/cdnoticias.com\/index.php\/2023\/12\/06\/el-parque-guerrero-vivio-una-fiesta-en-el-1-encuentro-richard-moyano\/","title":{"rendered":"El Parque Guerrero vivi\u00f3 una fiesta en el 1\u00b0 encuentro \u201cRichard Moyano\u201d"},"content":{"rendered":"<p>Con tremendo \u00e9xito se realiz\u00f3 la primera edici\u00f3n del Encuentro Nacional de Mini B\u00e1squet \u201cRichard Moyano\u201d que se llev\u00f3 a cabo el pasado domingo utilizando todo el Parque Guerrero.<!--more--><\/p>\n<hr \/>\n<p>M\u00e1s de 550 chicos de Olavarr\u00eda y la regi\u00f3n estuvieron presentes en esta edici\u00f3n donde se disputaron alrededor de 330 partidos divididos en 12 canchas entre interior y exterior del Parque Guerrero y que fue organizado por la Subcomisi\u00f3n de B\u00e1squet Menor del Club Estudiantes.<\/p>\n<p>&nbsp;<\/p>\n<p>La actividad recreativa culmin\u00f3 con un reconocimiento a Ricardo Moyano donde se acercaron su hija y esposa a recibir una placa en nombre de todo el Club y tambi\u00e9n se realizaron menciones a Sergio Dolagaray y Laura Merlos quienes trabajan incansablemente por el B\u00e1squet \u201calbinegro\u201d.<\/p>\n<p>&nbsp;<\/p>\n<p>Adem\u00e1s, hubo un cierre espectacular de acrobacias basquetbol\u00edsticas y shows en el Maxigimnasio.<\/p>\n","protected":false},"excerpt":{"rendered":"<p>Con tremendo \u00e9xito se realiz\u00f3 la primera edici\u00f3n del Encuentro Nacional de Mini B\u00e1squet \u201cRichard Moyano\u201d que se llev\u00f3 a<\/p>\n","protected":false},"author":96739694,"featured_media":159020,"comment_status":"closed","ping_status":"closed","sticky":false,"template":"","format":"standard","meta":{"_jetpack_memberships_contains_paid_content":false,"footnotes":""},"categories":[31,44,1],"tags":[],"class_list":["post-138124","post","type-post","status-publish","format-standard","has-post-thumbnail","hentry","category-basquet","category-inferiores-basquet","category-portada"],"jetpack_featured_media_url":"https:\/\/i0.wp.com\/cdnoticias.com\/wp-content\/uploads\/2023\/12\/encuentro.jpg?fit=1280%2C853&ssl=1","jetpack_sharing_enabled":true,"_links":{"self":[{"href":"https:\/\/cdnoticias.com\/index.php\/wp-json\/wp\/v2\/posts\/138124","targetHints":{"allow":["GET"]}}],"collection":[{"href":"https:\/\/cdnoticias.com\/index.php\/wp-json\/wp\/v2\/posts"}],"about":[{"href":"https:\/\/cdnoticias.com\/index.php\/wp-json\/wp\/v2\/types\/post"}],"author":[{"embeddable":true,"href":"https:\/\/cdnoticias.com\/index.php\/wp-json\/wp\/v2\/users\/96739694"}],"replies":[{"embeddable":true,"href":"https:\/\/cdnoticias.com\/index.php\/wp-json\/wp\/v2\/comments?post=138124"}],"version-history":[{"count":0,"href":"https:\/\/cdnoticias.com\/index.php\/wp-json\/wp\/v2\/posts\/138124\/revisions"}],"wp:featuredmedia":[{"embeddable":true,"href":"https:\/\/cdnoticias.com\/index.php\/wp-json\/wp\/v2\/media\/159020"}],"wp:attachment":[{"href":"https:\/\/cdnoticias.com\/index.php\/wp-json\/wp\/v2\/media?parent=138124"}],"wp:term":[{"taxonomy":"category","embeddable":true,"href":"https:\/\/cdnoticias.com\/index.php\/wp-json\/wp\/v2\/categories?post=138124"},{"taxonomy":"post_tag","embeddable":true,"href":"https:\/\/cdnoticias.com\/index.php\/wp-json\/wp\/v2\/tags?post=138124"}],"curies":[{"name":"wp","href":"https:\/\/api.w.org\/{rel}","templated":true}]}}