{"id":138113,"date":"2023-12-05T13:15:45","date_gmt":"2023-12-05T16:15:45","guid":{"rendered":"https:\/\/centraldeportes.com.ar\/?p=45907"},"modified":"2025-02-12T23:22:28","modified_gmt":"2025-02-13T02:22:28","slug":"josefina-vigo-cerro-el-ano-con-un-sabor-amargo-en-la-liga-speedagro","status":"publish","type":"post","link":"https:\/\/cdnoticias.com\/index.php\/2023\/12\/05\/josefina-vigo-cerro-el-ano-con-un-sabor-amargo-en-la-liga-speedagro\/","title":{"rendered":"Josefina Vigo cerr\u00f3 el a\u00f1o con un sabor amargo en la Liga SpeedAgro"},"content":{"rendered":"<p>Termin\u00f3 el a\u00f1o para el automovilismo nacional y en San Juan, la despedida de Josefina Vigo no fue la mejor ya que no pudo competir en la Final del domingo por una falla mec\u00e1nica. Duro comunicado de la piloto local.<!--more--><\/p>\n<hr \/>\n<p>Luego de una muy buena actuaci\u00f3n en el Aut\u00f3dromo Internacional de San Juan Villicum en la jornada sabatina que le vali\u00f3 el tercer puesto, la ma\u00f1ana del domingo no fue nada grata ya que una falla mec\u00e1nica la priv\u00f3 de participar de la Final y pelear por el t\u00edtulo de una de las categor\u00edas teloneras del TC.<\/p>\n<p>&nbsp;<\/p>\n<p>Confirmada la rotura del turbo en la vuelta preparaci\u00f3n de la Final, la piloto olavarriense que finaliz\u00f3 tercera en el campeonato emiti\u00f3 un comunicado.<\/p>\n<p>&nbsp;<\/p>\n<p>La nota: \u201cNo fue lo que esperaba, quiz\u00e1 uno nunca piensa que pueden pasar estas cosas, hoy me toca perder, pero no por mala suerte\u2026 El automovilismo es ingrato, siempre te da menos de lo que uno espera.<\/p>\n<p>&nbsp;<\/p>\n<p>El s\u00e1bado terminamos nuestra carrera de la mejor manera, obteniendo un puesto 3 que nos dejaba bien para pelear hoy por el t\u00edtulo. Cuando salgo a pista hoy el auto de golpe no andaba m\u00e1s\u2026 Cosas raras del deporte, \u00bfNo?<\/p>\n<p>&nbsp;<\/p>\n<p>Intento encontrar explicaciones y no las tengo, lamentablemente trabajamos much\u00edsimo todo el a\u00f1o y duele terminar as\u00ed, me quedo con la tranquilidad de haberlo dado todo, para todos\u2026 ayudando a mis pares fecha a fecha, sin ocultar nunca nada y estando siempre a disposici\u00f3n de todos.<\/p>\n<p>&nbsp;<\/p>\n<p>El automovilismo no es para cobardes, hay que saber ganar y perder, hoy acepto la derrota, pero no comparto la manera.<\/p>\n<p>&nbsp;<\/p>\n<p>Gracias a los sponsors y a mi familia que me banco todo este a\u00f1o, a mis amigos y a todos los que siempre me tiraron buenas energ\u00edas\u2026<\/p>\n<p>&nbsp;<\/p>\n<p>Vamos a levantar la cabeza y mirar al frente\u2026 como siempre lo hice\u201d.<\/p>\n","protected":false},"excerpt":{"rendered":"<p>Termin\u00f3 el a\u00f1o para el automovilismo nacional y en San Juan, la despedida de Josefina Vigo no fue la mejor<\/p>\n","protected":false},"author":96739694,"featured_media":157933,"comment_status":"closed","ping_status":"closed","sticky":false,"template":"","format":"standard","meta":{"_jetpack_memberships_contains_paid_content":false,"footnotes":""},"categories":[34,1],"tags":[],"class_list":["post-138113","post","type-post","status-publish","format-standard","has-post-thumbnail","hentry","category-automovilismo","category-portada"],"jetpack_featured_media_url":"https:\/\/i0.wp.com\/cdnoticias.com\/wp-content\/uploads\/2023\/10\/WhatsApp-Image-2023-10-02-at-21.51.11-e1696354596179.jpeg?fit=1065%2C626&ssl=1","jetpack_sharing_enabled":true,"_links":{"self":[{"href":"https:\/\/cdnoticias.com\/index.php\/wp-json\/wp\/v2\/posts\/138113","targetHints":{"allow":["GET"]}}],"collection":[{"href":"https:\/\/cdnoticias.com\/index.php\/wp-json\/wp\/v2\/posts"}],"about":[{"href":"https:\/\/cdnoticias.com\/index.php\/wp-json\/wp\/v2\/types\/post"}],"author":[{"embeddable":true,"href":"https:\/\/cdnoticias.com\/index.php\/wp-json\/wp\/v2\/users\/96739694"}],"replies":[{"embeddable":true,"href":"https:\/\/cdnoticias.com\/index.php\/wp-json\/wp\/v2\/comments?post=138113"}],"version-history":[{"count":0,"href":"https:\/\/cdnoticias.com\/index.php\/wp-json\/wp\/v2\/posts\/138113\/revisions"}],"wp:featuredmedia":[{"embeddable":true,"href":"https:\/\/cdnoticias.com\/index.php\/wp-json\/wp\/v2\/media\/157933"}],"wp:attachment":[{"href":"https:\/\/cdnoticias.com\/index.php\/wp-json\/wp\/v2\/media?parent=138113"}],"wp:term":[{"taxonomy":"category","embeddable":true,"href":"https:\/\/cdnoticias.com\/index.php\/wp-json\/wp\/v2\/categories?post=138113"},{"taxonomy":"post_tag","embeddable":true,"href":"https:\/\/cdnoticias.com\/index.php\/wp-json\/wp\/v2\/tags?post=138113"}],"curies":[{"name":"wp","href":"https:\/\/api.w.org\/{rel}","templated":true}]}}