{"id":138110,"date":"2023-12-04T11:04:58","date_gmt":"2023-12-04T14:04:58","guid":{"rendered":"https:\/\/centraldeportes.com.ar\/?p=45896"},"modified":"2023-12-04T11:04:58","modified_gmt":"2023-12-04T14:04:58","slug":"el-turismo-pista-homenajeo-a-agustin-herrera-y-nicolas-romero-le-regalo-un-podio-2","status":"publish","type":"post","link":"https:\/\/cdnoticias.com\/index.php\/2023\/12\/04\/el-turismo-pista-homenajeo-a-agustin-herrera-y-nicolas-romero-le-regalo-un-podio-2\/","title":{"rendered":"El Turismo Pista homenaje\u00f3 a Agust\u00edn Herrera y Nicol\u00e1s Romero le regal\u00f3 un podio"},"content":{"rendered":"<p>El \u201cGran Premio Agust\u00edn Herrera\u201d tuvo varios momentos emocionantes, pero sin lugar a dudas que su primo Nicol\u00e1s Romero ocupara un lugar en el podio fue muy especial. La familia completa asisti\u00f3 y se emocion\u00f3 frente al podio de Nico. El domingo tuvo de todo, muy buenas producciones locales, y la consagraci\u00f3n de los campeones de las tres divisionales.<\/p>\n<p><!--more--><\/p>\n<hr \/>\n<p>La \u00faltima competencia del Turismo Pista volvi\u00f3 a realizarse en Olavarr\u00eda, una vez m\u00e1s esta categor\u00eda escogi\u00f3 el \u201cHermanos Emiliozzi\u201d para coronar a sus campeones, y se vivi\u00f3 una fiesta completa, con el mejor homenaje para Agust\u00edn, con su primo Nicol\u00e1s Romero en el podio.<\/p>\n<p>&nbsp;<\/p>\n<p>Precisamente la Clase 1 fue la primera en salir a pista para disputar la final, y Miguel Cangelaro comenz\u00f3 dominando la carrera para encaminarse al t\u00edtulo. Los intentos de Joaqu\u00edn Melo no alcanzaron y finalmente la bandera a cuadros le dio el triunfo y el campeonato al piloto de Lober\u00eda.<\/p>\n<p>&nbsp;<\/p>\n<p>Nicol\u00e1s Romero se mantuvo quinto toda la final, y aprovech\u00f3 el toque entre Melo y Su\u00e1rez para ocupar el tercer lugar, no quiso involucrarse en la definici\u00f3n por el torneo, y pudo homenajear a su primo con un lugar en el podio. Mucha emoci\u00f3n de todo el equipo, el abrazo con Santiago, hermano de Agust\u00edn, el saludo con Sof\u00eda, la novia que se recupera del accidente, con la mam\u00e1 y el pap\u00e1 del \u201cChapul\u00edn\u201d, todo era profunda y extrema emoci\u00f3n, y un Nicol\u00e1s Romero que volvi\u00f3 a confiar en \u00e9l como piloto y que sin duda tuvo la ayuda de uno de los mejores pilotos que vio nacer esta tierra.<\/p>\n<p>&nbsp;<\/p>\n<p>Fueron varios los pilotos locales que estuvieron y que homenajearon con leyendas en sus autos, y entre ellos Gabriel Melian que pudo arribar quinto en la final, y el propio Emanuel Bibiloni, gran amigo, corri\u00f3 con una imagen del \u201cChapul\u00edn\u201d en los laterales y pudo arribar noveno, regresando a esta categor\u00eda. Diego Valisi tambi\u00e9n pudo completar la final y vio la bandera en el 30\u00ba lugar final.<\/p>\n<p>&nbsp;<\/p>\n<p>[soliloquy id=&#8221;45881&#8243;]<\/p>\n<p>&nbsp;<\/p>\n<p>Lleg\u00f3 el turno de la Clase 2, y Yair Etcheveste pudo arribar tercero en la fina para poder conseguir los puntos necesarios para quedarse con el t\u00edtulo 2023 de la categor\u00eda. Agust\u00edn Mart\u00edn fue el vencedor, y Santiago Lantella fue segundo.<\/p>\n<p>&nbsp;<\/p>\n<p>Sergio Giacomaso regres\u00f3 a la categor\u00eda y tambi\u00e9n fue parte del homenaje a Agust\u00edn, el \u201cGiaco\u201d luch\u00f3 en una dura final y pudo arribar en el 18\u00ba lugar.<\/p>\n<p>&nbsp;<\/p>\n<p>La Clase 3 sali\u00f3 a pista para culminar con la temporada 2023 y Exequiel Bastidas fue contundente para ganar y quedarse con el campeonato. Francisco Coltrinari arrib\u00f3 segundo, mientras que Franco Fauret complet\u00f3 el podio.<\/p>\n<p>&nbsp;<\/p>\n<p>En esta divisional estuvo una vez m\u00e1s Santiago Tambucci, el piloto de Sierras Bayas se las arregl\u00f3 para arribar en el puesto 12\u00ba tras una dura lucha. Juan Jos\u00e9 Cassou fue el otro olavarriense que corri\u00f3 para homenajear a Herrera, pero en este caso una maniobra peligrosa sobre Grippo le vali\u00f3 la exclusi\u00f3n de la final.<\/p>\n","protected":false},"excerpt":{"rendered":"<p>El \u201cGran Premio Agust\u00edn Herrera\u201d tuvo varios momentos emocionantes, pero sin lugar a dudas que su primo Nicol\u00e1s Romero ocupara<\/p>\n","protected":false},"author":96739695,"featured_media":45890,"comment_status":"closed","ping_status":"closed","sticky":false,"template":"","format":"standard","meta":{"_jetpack_memberships_contains_paid_content":false,"footnotes":""},"categories":[34,1,49],"tags":[],"class_list":["post-138110","post","type-post","status-publish","format-standard","has-post-thumbnail","hentry","category-automovilismo","category-portada","category-turismo-pista"],"jetpack_featured_media_url":"","jetpack_sharing_enabled":true,"_links":{"self":[{"href":"https:\/\/cdnoticias.com\/index.php\/wp-json\/wp\/v2\/posts\/138110","targetHints":{"allow":["GET"]}}],"collection":[{"href":"https:\/\/cdnoticias.com\/index.php\/wp-json\/wp\/v2\/posts"}],"about":[{"href":"https:\/\/cdnoticias.com\/index.php\/wp-json\/wp\/v2\/types\/post"}],"author":[{"embeddable":true,"href":"https:\/\/cdnoticias.com\/index.php\/wp-json\/wp\/v2\/users\/96739695"}],"replies":[{"embeddable":true,"href":"https:\/\/cdnoticias.com\/index.php\/wp-json\/wp\/v2\/comments?post=138110"}],"version-history":[{"count":0,"href":"https:\/\/cdnoticias.com\/index.php\/wp-json\/wp\/v2\/posts\/138110\/revisions"}],"wp:featuredmedia":[{"embeddable":true,"href":"https:\/\/cdnoticias.com\/index.php\/wp-json\/wp\/v2\/posts\/45890"}],"wp:attachment":[{"href":"https:\/\/cdnoticias.com\/index.php\/wp-json\/wp\/v2\/media?parent=138110"}],"wp:term":[{"taxonomy":"category","embeddable":true,"href":"https:\/\/cdnoticias.com\/index.php\/wp-json\/wp\/v2\/categories?post=138110"},{"taxonomy":"post_tag","embeddable":true,"href":"https:\/\/cdnoticias.com\/index.php\/wp-json\/wp\/v2\/tags?post=138110"}],"curies":[{"name":"wp","href":"https:\/\/api.w.org\/{rel}","templated":true}]}}