{"id":138101,"date":"2023-12-03T02:45:55","date_gmt":"2023-12-03T05:45:55","guid":{"rendered":"https:\/\/centraldeportes.com.ar\/?p=45817"},"modified":"2025-02-12T23:21:09","modified_gmt":"2025-02-13T02:21:09","slug":"estudiantes-lo-dio-vuelta-en-el-final-y-se-mantiene-con-esperanzas","status":"publish","type":"post","link":"https:\/\/cdnoticias.com\/index.php\/2023\/12\/03\/estudiantes-lo-dio-vuelta-en-el-final-y-se-mantiene-con-esperanzas\/","title":{"rendered":"Estudiantes lo dio vuelta en el final y se mantiene con esperanzas"},"content":{"rendered":"\n<div class=\"wp-block-group is-layout-constrained wp-block-group-is-layout-constrained\">\n<p>Por la 5\u00b0 fecha de la Zona 9, el \u201cBata\u201d venci\u00f3 2 a 1 de manera ag\u00f3nica a Sportivo Piazza y, por ahora, deber\u00e1 esperar un triunfo de Ferro para seguir con vida en la competencia.<!--more--><\/p>\n<hr \/>\n<p>Este s\u00e1bado por la tarde, <strong>Estudiantes<\/strong> recibi\u00f3 a <strong>Sportivo Piazza de Azul<\/strong> por la <strong>pen\u00faltima fecha de la fase de grupos de la Regi\u00f3n Pampeana Sur<\/strong> y si bien ya no depende de s\u00ed mismo, logr\u00f3 una necesaria victoria que lo mantiene matem\u00e1ticamente con chances de clasificaci\u00f3n.<\/p>\n<p>\u00a0<\/p>\n<p><strong>Con dos goles consecutivos sobre el final del partido,<\/strong> <strong>el \u201cBata\u201d lo dio vuelta de manera ag\u00f3nica, le gan\u00f3 2 a 1 al \u201cIndustrial\u201d<\/strong> y sum\u00f3 su primera victoria en la vigente edici\u00f3n del Federal Amateur. <strong>Juan Ignacio Basterrica y Ram\u00f3n Galotti<\/strong>, a los 91\u2019 y 92\u2019 respectivamente, anotaron para el conjunto \u201cAlbinegro\u201d, en tanto que <strong>El\u00edas Errobidart<\/strong> hab\u00eda puesto la ventaja transitoria para los azule\u00f1os que finalizaron con nueve jugadores por las expulsiones de Peralta y Bongiorno.<\/p>\n<p>\u00a0<\/p>\n<ul>\n<li>\n<h6><strong>Detalles del partido<\/strong><\/h6>\n<\/li>\n<\/ul>\n<p>\u00a0<\/p>\n<p>De entrada, el conjunto dirigido por Mauricio Peralta se salv\u00f3 de comenzar el partido perdiendo \u201cdesde el vestuario\u201d en la primera clara que tuvo la visita. Corr\u00edan apenas 2\u2019 en el cron\u00f3metro. Lucas Laguna busc\u00f3 el arco y pr\u00e1cticamente parado sobre la l\u00ednea, Flores se interpuso y rechazo el remate.<\/p>\n<p>\u00a0<\/p>\n<p>Con el correr de los minutos se luch\u00f3 m\u00e1s de lo que se jug\u00f3. Fue un partido trabado en la mitad de la cancha y ambos se disputaron las segundas pelotas, aunque el \u201cBata\u201d levant\u00f3 tiempo despu\u00e9s, fue agarrando protagonismo hasta el descanso y apost\u00f3 a desbordar por las bandas.<\/p>\n<p>\u00a0<\/p>\n<p>[soliloquy id=&#8221;45796&#8243;]<\/p>\n<p>\u00a0<\/p>\n<p>A los 27\u2019 lleg\u00f3 la situaci\u00f3n m\u00e1s clara que tuvo el local en la primera mitad. El propio Bruno Peralta asisti\u00f3 a S\u00e1nchez, que a\u00fan con la marca encima defini\u00f3 a un palo, pero se encontr\u00f3 con la buena respuesta del Barbieri.<\/p>\n<p>\u00a0<\/p>\n<p>Posteriormente en la segunda mitad, el arquero del \u201cVillero\u201d le ahog\u00f3 el grito a Flores, que apareci\u00f3 por el segundo palo (post peinada de Galotti) y finaliz\u00f3 una jugada que naci\u00f3 desde el bander\u00edn derecho. Sin embargo, dos minutos despu\u00e9s, los de Paz encontraron la ventaja transitoria.<\/p>\n<p>\u00a0<\/p>\n<p>Y naci\u00f3 desde un bal\u00f3n detenido. <strong>A la altura de la banda derecha, El\u00edas Errobidart busc\u00f3 meter el esf\u00e9rico al \u00e1rea, se desvi\u00f3 en el camino y el env\u00edo termin\u00f3 en el fondo de la red. Estudiantes sinti\u00f3 el golpe y a pesar de que intent\u00f3 por abajo llegar a la igualdad, no logr\u00f3 profundizar<\/strong>.<\/p>\n<p>\u00a0<\/p>\n<h6>La clave de la victoria lleg\u00f3 desde el banco<\/h6>\n<p>El ingreso de Juan Ignacio Basterrica fue clave para que el \u201cBata\u201d lograra dar vuelta el partido. Ya con ventaja num\u00e9rica por la expulsi\u00f3n de Jonathan Peralta en Piazza, <strong>el jugador \u201cAlbinegro\u201d se encarg\u00f3 de ejecutar un tiro libre &#8211; de zurda &#8211;\u00a0 que dej\u00f3 parado a Barbieri y finaliz\u00f3 en el \u00e1ngulo superior derecho. Fue el 1 a 1 a los 91\u2019.<\/strong><\/p>\n<p>\u00a0<\/p>\n<p><strong>A la jugada siguiente, tambi\u00e9n de pelota parada, el propio Basterrica mand\u00f3 la pelota a la altura del \u00e1rea chica y asisti\u00f3 a Ram\u00f3n Galotti que la empuj\u00f3 a la red con un toque sutil para el 2 a 1 y el grito de desahogo de todo el banco \u201cBataraz\u201d a los 92\u2019<\/strong>. En contraparte, despu\u00e9s del gol, Micael Bongiorno agredi\u00f3 f\u00edsicamente a Basterrica con un golpe de pu\u00f1o y vio la roja directa a los 95&#8242;.<\/p>\n<p>\u00a0<\/p>\n<p>Con esta victoria, Estudiantes lleg\u00f3 a los 5 puntos en la Zona 10 y, para seguir con esperanzas en la competencia, <strong>deber\u00e1 esperar si o si un triunfo de Ferro en Mar\u00eda Ignacia, ganarle a Velense en la \u00faltima fecha y sacar un buen promedio para meterse entre los cuatro mejores segundos<\/strong>.<\/p>\n<p>\u00a0<\/p>\n<p><strong>S\u00edntesis Estudiantes \u2013 Sportivo Piazza (Azul): \u00a0<\/strong><\/p>\n<p><strong>Estudiantes (2):<\/strong> Agust\u00edn Bonavetti; Tom\u00e1s Otazo (L. Crivelli), Mariano Flores, Leandro Castar\u00e9s (M. Garrido), Gonzalo P\u00e1ez (J. Basterrica); Ger\u00f3nimo Candia, Gonzalo Trepichio (L. Romero); Franco Vignale (J. Vignale), Ram\u00f3n S\u00e1nchez, Bruno Peralta; Ram\u00f3n Galotti. DT: Mauricio Peralta.<\/p>\n<p><strong>Sportivo Piazza (1): <\/strong>Hern\u00e1n Barbieri; Sim\u00f3n De Urraza (M. Rold\u00e1n), Ezequiel Brienzo, Jonathan Peralta, El\u00edas Errobidart; Emiliano Mazzante (J. Bardas), Emmanuel Hernando, Lucas Laguna (S. Callejo), Braian Carrizo (F. Di Lorenzo); Micael Bongiorno y Ra\u00fal Escobar (M. Duarte). DT: Luis Paz.<\/p>\n<p><strong>Goles<\/strong>: 7m. ST El\u00edas Errobidart (SP); 45m. (+1) ST Juan Ignacio Basterrica (CAE) y 45m. (+2) ST Ram\u00f3n Galotti (CAE).<\/p>\n<p><strong>Amonestados<\/strong>: Candia, P\u00e1ez y Romero (Estudiantes); De Urraza, Errobidart y Alexis Pouyannes \u2013 AC \u2013 (Sportivo Piazza).<\/p>\n<p><strong>Expulsados<\/strong>: 44m. ST Jonathan Peralta (SP) y 45m. (+5) ST Micael Bongiorno (SP).<\/p>\n<p><strong>\u00c1rbitro<\/strong>: Gonzalo L\u00f3pez (Ayacucho). <strong>Estadio<\/strong>: Parque Carlos Guerrero.<\/p>\n<\/div>\n","protected":false},"excerpt":{"rendered":"<p>Por la 5\u00b0 fecha de la Zona 9, el \u201cBata\u201d venci\u00f3 2 a 1 de manera ag\u00f3nica a Sportivo Piazza<\/p>\n","protected":false},"author":96739694,"featured_media":158961,"comment_status":"closed","ping_status":"closed","sticky":false,"template":"","format":"standard","meta":{"_jetpack_memberships_contains_paid_content":false,"footnotes":""},"categories":[35,1,54],"tags":[],"class_list":["post-138101","post","type-post","status-publish","format-standard","has-post-thumbnail","hentry","category-futbol","category-portada","category-torneo-regional-amateur"],"jetpack_featured_media_url":"https:\/\/i0.wp.com\/cdnoticias.com\/wp-content\/uploads\/2023\/12\/cae-piazza-4.jpg?fit=1280%2C853&ssl=1","jetpack_sharing_enabled":true,"_links":{"self":[{"href":"https:\/\/cdnoticias.com\/index.php\/wp-json\/wp\/v2\/posts\/138101","targetHints":{"allow":["GET"]}}],"collection":[{"href":"https:\/\/cdnoticias.com\/index.php\/wp-json\/wp\/v2\/posts"}],"about":[{"href":"https:\/\/cdnoticias.com\/index.php\/wp-json\/wp\/v2\/types\/post"}],"author":[{"embeddable":true,"href":"https:\/\/cdnoticias.com\/index.php\/wp-json\/wp\/v2\/users\/96739694"}],"replies":[{"embeddable":true,"href":"https:\/\/cdnoticias.com\/index.php\/wp-json\/wp\/v2\/comments?post=138101"}],"version-history":[{"count":0,"href":"https:\/\/cdnoticias.com\/index.php\/wp-json\/wp\/v2\/posts\/138101\/revisions"}],"wp:featuredmedia":[{"embeddable":true,"href":"https:\/\/cdnoticias.com\/index.php\/wp-json\/wp\/v2\/media\/158961"}],"wp:attachment":[{"href":"https:\/\/cdnoticias.com\/index.php\/wp-json\/wp\/v2\/media?parent=138101"}],"wp:term":[{"taxonomy":"category","embeddable":true,"href":"https:\/\/cdnoticias.com\/index.php\/wp-json\/wp\/v2\/categories?post=138101"},{"taxonomy":"post_tag","embeddable":true,"href":"https:\/\/cdnoticias.com\/index.php\/wp-json\/wp\/v2\/tags?post=138101"}],"curies":[{"name":"wp","href":"https:\/\/api.w.org\/{rel}","templated":true}]}}