{"id":138098,"date":"2023-12-03T00:30:16","date_gmt":"2023-12-03T03:30:16","guid":{"rendered":"https:\/\/centraldeportes.com.ar\/?p=45790"},"modified":"2025-02-12T23:21:10","modified_gmt":"2025-02-13T02:21:10","slug":"el-torneo-oficial-individual-de-bochas-ya-tiene-a-los-semifinalistas","status":"publish","type":"post","link":"https:\/\/cdnoticias.com\/index.php\/2023\/12\/03\/el-torneo-oficial-individual-de-bochas-ya-tiene-a-los-semifinalistas\/","title":{"rendered":"El Torneo Oficial Individual de Bochas ya tiene a los semifinalistas"},"content":{"rendered":"\n<div class=\"wp-block-group is-layout-constrained wp-block-group-is-layout-constrained\">\n<p>A lo largo de la semana, los ocho clasificados disputaron las series de cuartos de final en distintas canchas de la ciudad. Por otro lado, este fin de semana varias categor\u00edas infantiles y juveniles competir\u00e1n en Mar del Plata.<!--more--><\/p>\n<hr \/>\n<p>El <strong>Torneo Oficial Individual de Bochas Caballeros<\/strong> celebr\u00f3 durante el transcurso de la semana la fase eliminatoria entre los ocho jugadores clasificados de la etapa regular.<\/p>\n<p>\u00a0<\/p>\n<p><strong>Juan Pablo Notararigo<\/strong> y <strong>Mart\u00edn Orradre<\/strong> barrieron sus respectivas llaves en dos juegos y clasificaron directamente a las semifinales del certamen organizado por la Asociaci\u00f3n de Bochas de Olavarr\u00eda. <strong>David Miceli<\/strong> y <strong>Jos\u00e9 Marinangelli<\/strong> hicieron lo propio, pero lograron el objetivo en el tercer partido.<\/p>\n<p>\u00a0<\/p>\n<p>Por otro lado, este fin de semana en Mar del Plata, se disputar\u00e1 la etapa final del <strong>\u201cArrimemos2023\u201d<\/strong>, que contar\u00e1 con la participaci\u00f3n de ni\u00f1os y ni\u00f1as de Olavarr\u00eda categor\u00eda Sub 9 y Sub 12. En paralelo, se estar\u00e1 jugando el <strong>Torneo Provincial Sub 15<\/strong> con la participaci\u00f3n de dos equipos que representar\u00e1n a la Ciudad.<\/p>\n<p>\u00a0<\/p>\n<ul>\n<li>\n<h6><strong>Resultados de cuartos de final:<\/strong><\/h6>\n<\/li>\n<\/ul>\n<p>\u00a0<\/p>\n<h6>Primer partido<\/h6>\n<p>Daniel Serantes (San Mart\u00edn) <strong>6 \u2013 12<\/strong> David Miceli (El Fort\u00edn)<\/p>\n<p>Ever Hammerschmidt (Pueblo Nuevo) <strong>11 \u2013 12<\/strong> Jos\u00e9 Marinangelli (La Amistad)<\/p>\n<p>Juan Pablo Notararigo (Pueblo Nuevo) <strong>12 \u2013 2<\/strong> Gast\u00f3n Tisera (San Mart\u00edn)<\/p>\n<p>Mart\u00edn Orradre (La Amistad) <strong>12 \u2013 4<\/strong> Rub\u00e9n Giannoni (El Fort\u00edn)<\/p>\n<p>\u00a0<\/p>\n<h6>Segundo partido<\/h6>\n<p>David Miceli (El Fort\u00edn) <strong>12 \u2013 10<\/strong> Daniel Serantes (San Mart\u00edn)<\/p>\n<p>Jos\u00e9 Marinangelli (La Amistad) <strong>10 \u2013 12<\/strong> Ever Hammerschmidt (Pueblo Nuevo)<\/p>\n<p>Gast\u00f3n Tisera (San Mart\u00edn) <strong>1 \u2013 12<\/strong> Juan Pablo Notararigo (Pueblo Nuevo)<\/p>\n<p>Rub\u00e9n Giannoni (El Fort\u00edn) <strong>5 \u2013 12<\/strong> Mart\u00edn Orradre (La Amistad)<\/p>\n<p>\u00a0<\/p>\n<h6>Tercer partido<\/h6>\n<p>Daniel Serantes (San Mart\u00edn) <strong>5 \u2013 12<\/strong> David Miceli (El Fort\u00edn)<\/p>\n<p>Ever Hammerschmidt (Pueblo Nuevo) <strong>10 \u2013 12<\/strong> Jos\u00e9 Marinangelli (La Amistad)<\/p>\n<p>\u00a0<\/p>\n<ul>\n<li>\n<h6><strong>Cruces de semifinales:<\/strong><\/h6>\n<\/li>\n<\/ul>\n<p>Juan Pablo Notararigo (Pueblo Nuevo) \u2013 Mart\u00edn Orradre (La Amistad)<\/p>\n<p>David Miceli (El Fort\u00edn) \u2013 Jos\u00e9 Marinangelli (La Amistad)<\/p>\n<hr \/>\n<ul>\n<li>\n<h6><strong>Los equipos juveniles:<\/strong><\/h6>\n<\/li>\n<\/ul>\n<p>\u00a0<\/p>\n<h6>Sub 9<\/h6>\n<p>Equipo A: <strong>Alejandro Aguirre y St\u00e9fano Orradre<\/strong>. DT: Mart\u00edn Orradre.<\/p>\n<p>Equipo B: <strong>Sebasti\u00e1n Inocencia y Augusto Ratto<\/strong>. DT: Amilcar Fern\u00e1ndez.<\/p>\n<p>Equipo C: <strong>Ciro Torres y Valent\u00edn Torres<\/strong>. DT: Lorenzo Fern\u00e1ndez.<\/p>\n<p>Equipo D: <strong>Salma Guasura y Pilar Ottaviano<\/strong>. DT: Daniel Villa.<\/p>\n<p>\u00a0<\/p>\n<h6>Sub 12<\/h6>\n<p>Equipo A: <strong>Tiziano Orradre y Juan Passarini<\/strong>. DT: Cecilia Esnal.<\/p>\n<p>Equipo B: <strong>Raiqu\u00e9n Arce y Keyler Ledesma<\/strong>. DT: Andrea Fisher.<\/p>\n<p>Equipo C: <strong>Abril De Olaso, M\u00eda Palomeque y Juan Pittaluga<\/strong>. DT: Florencia Vallejos.<\/p>\n<p>\u00a0<\/p>\n<h6>Provincial Sub 15<\/h6>\n<p>Equipo A: <strong>Josefina Aquerreta, Mateo Arana y Yair Ratto<\/strong>. DT: Daniel Serantes.<\/p>\n<p>Equipo B: <strong>Benjam\u00edn Ben\u00edtez, Mateo Giles y Joaqu\u00edn Par\u00eds<\/strong>. DT: Cristian Arce.<\/p>\n<p>\u00a0<\/p>\n<p><em><strong>Fuente: Diego Clar (Prensa Bochas).<\/strong><\/em><\/p>\n<p><em><strong>Foto: Carlos Antonio Zangara.<\/strong><\/em><\/p>\n<\/div>\n","protected":false},"excerpt":{"rendered":"<p>A lo largo de la semana, los ocho clasificados disputaron las series de cuartos de final en distintas canchas de<\/p>\n","protected":false},"author":96739694,"featured_media":158963,"comment_status":"closed","ping_status":"closed","sticky":false,"template":"","format":"standard","meta":{"_jetpack_memberships_contains_paid_content":false,"footnotes":""},"categories":[30,1],"tags":[],"class_list":["post-138098","post","type-post","status-publish","format-standard","has-post-thumbnail","hentry","category-polideportivo","category-portada"],"jetpack_featured_media_url":"https:\/\/i0.wp.com\/cdnoticias.com\/wp-content\/uploads\/2023\/12\/Cuartos-de-final-Oficial-Individual-de-Bochas.jpg?fit=777%2C437&ssl=1","jetpack_sharing_enabled":true,"_links":{"self":[{"href":"https:\/\/cdnoticias.com\/index.php\/wp-json\/wp\/v2\/posts\/138098","targetHints":{"allow":["GET"]}}],"collection":[{"href":"https:\/\/cdnoticias.com\/index.php\/wp-json\/wp\/v2\/posts"}],"about":[{"href":"https:\/\/cdnoticias.com\/index.php\/wp-json\/wp\/v2\/types\/post"}],"author":[{"embeddable":true,"href":"https:\/\/cdnoticias.com\/index.php\/wp-json\/wp\/v2\/users\/96739694"}],"replies":[{"embeddable":true,"href":"https:\/\/cdnoticias.com\/index.php\/wp-json\/wp\/v2\/comments?post=138098"}],"version-history":[{"count":0,"href":"https:\/\/cdnoticias.com\/index.php\/wp-json\/wp\/v2\/posts\/138098\/revisions"}],"wp:featuredmedia":[{"embeddable":true,"href":"https:\/\/cdnoticias.com\/index.php\/wp-json\/wp\/v2\/media\/158963"}],"wp:attachment":[{"href":"https:\/\/cdnoticias.com\/index.php\/wp-json\/wp\/v2\/media?parent=138098"}],"wp:term":[{"taxonomy":"category","embeddable":true,"href":"https:\/\/cdnoticias.com\/index.php\/wp-json\/wp\/v2\/categories?post=138098"},{"taxonomy":"post_tag","embeddable":true,"href":"https:\/\/cdnoticias.com\/index.php\/wp-json\/wp\/v2\/tags?post=138098"}],"curies":[{"name":"wp","href":"https:\/\/api.w.org\/{rel}","templated":true}]}}