{"id":138093,"date":"2023-12-01T21:02:40","date_gmt":"2023-12-02T00:02:40","guid":{"rendered":"https:\/\/centraldeportes.com.ar\/?p=45766"},"modified":"2025-02-12T23:21:19","modified_gmt":"2025-02-13T02:21:19","slug":"sierra-chica-y-ferro-le-dieron-fin-a-la-2-fecha-de-la-copa-olavarria","status":"publish","type":"post","link":"https:\/\/cdnoticias.com\/index.php\/2023\/12\/01\/sierra-chica-y-ferro-le-dieron-fin-a-la-2-fecha-de-la-copa-olavarria\/","title":{"rendered":"Sierra Chica y Ferro le dieron fin a la 2\u00b0 fecha de la Copa Olavarr\u00eda"},"content":{"rendered":"<p>Con acci\u00f3n en dos categor\u00edas bajo la Zona 1, ambos clubes repartieron victorias en el Pedro Iriart Legorburu.<!--more--><\/p>\n<hr \/>\n<p>Dos divisiones del f\u00fatbol menor olavarriense tuvieron actividad este \u00faltimo jueves por la tarde, con enfrentamientos que le dieron cierre a la <strong>2\u00b0 fecha de la Copa Olavarr\u00eda<\/strong> <a href=\"https:\/\/cdnoticias.com\/copa-olavarria-los-juveniles-le-dieron-continuidad-a-la-2-fecha\/\">iniciada el pasado fin de semana<\/a> con el grueso de los partidos.<\/p>\n<p>&nbsp;<\/p>\n<p>Por la<strong> Zona 1<\/strong> del \u00faltimo certamen del a\u00f1o, <strong>Sierra Chica y Ferro<\/strong> tuvieron acci\u00f3n en el Pedro Iriart Legorburu y repartieron triunfos.<\/p>\n<p>&nbsp;<\/p>\n<p>En el primer turno, <strong>el \u201cCarbonero\u201d se impuso por 1 a 0 en D\u00e9cima y m\u00e1s tarde, en Novena Divisi\u00f3n, fue triunfo 1 a 0 para el conjunto sierrachiquense<\/strong>.<\/p>\n<p>&nbsp;<\/p>\n<p>Asimismo este s\u00e1bado, los Juveniles comenzar\u00e1n a jugar la 3\u00b0 fecha. Se enfrentar\u00e1n Estudiantes \u2013 Sierra Chica y <strong>Colonias y Cerros \u2013 Ferro<\/strong> por la Zona 1; <strong>Racing \u2013 Municipales<\/strong> e <strong>Hinojo \u2013 Loma Negra<\/strong> en el grupo 2; <strong>Luj\u00e1n \u2013 Embajadores<\/strong> y <strong>San Mart\u00edn \u2013 El Fort\u00edn<\/strong> por la Zona 3.<\/p>\n<p>&nbsp;<\/p>\n<p><em><strong>Foto: Archivo.<\/strong><\/em><\/p>\n","protected":false},"excerpt":{"rendered":"<p>Con acci\u00f3n en dos categor\u00edas bajo la Zona 1, ambos clubes repartieron victorias en el Pedro Iriart Legorburu.<\/p>\n","protected":false},"author":96739694,"featured_media":158981,"comment_status":"closed","ping_status":"closed","sticky":false,"template":"","format":"standard","meta":{"_jetpack_memberships_contains_paid_content":false,"footnotes":""},"categories":[35,40,1],"tags":[],"class_list":["post-138093","post","type-post","status-publish","format-standard","has-post-thumbnail","hentry","category-futbol","category-inferiores","category-portada"],"jetpack_featured_media_url":"https:\/\/i0.wp.com\/cdnoticias.com\/wp-content\/uploads\/2023\/12\/WhatsApp-Image-2023-11-30-at-20.44.40.png?fit=1000%2C666&ssl=1","jetpack_sharing_enabled":true,"_links":{"self":[{"href":"https:\/\/cdnoticias.com\/index.php\/wp-json\/wp\/v2\/posts\/138093","targetHints":{"allow":["GET"]}}],"collection":[{"href":"https:\/\/cdnoticias.com\/index.php\/wp-json\/wp\/v2\/posts"}],"about":[{"href":"https:\/\/cdnoticias.com\/index.php\/wp-json\/wp\/v2\/types\/post"}],"author":[{"embeddable":true,"href":"https:\/\/cdnoticias.com\/index.php\/wp-json\/wp\/v2\/users\/96739694"}],"replies":[{"embeddable":true,"href":"https:\/\/cdnoticias.com\/index.php\/wp-json\/wp\/v2\/comments?post=138093"}],"version-history":[{"count":0,"href":"https:\/\/cdnoticias.com\/index.php\/wp-json\/wp\/v2\/posts\/138093\/revisions"}],"wp:featuredmedia":[{"embeddable":true,"href":"https:\/\/cdnoticias.com\/index.php\/wp-json\/wp\/v2\/media\/158981"}],"wp:attachment":[{"href":"https:\/\/cdnoticias.com\/index.php\/wp-json\/wp\/v2\/media?parent=138093"}],"wp:term":[{"taxonomy":"category","embeddable":true,"href":"https:\/\/cdnoticias.com\/index.php\/wp-json\/wp\/v2\/categories?post=138093"},{"taxonomy":"post_tag","embeddable":true,"href":"https:\/\/cdnoticias.com\/index.php\/wp-json\/wp\/v2\/tags?post=138093"}],"curies":[{"name":"wp","href":"https:\/\/api.w.org\/{rel}","templated":true}]}}