{"id":138064,"date":"2023-11-28T00:25:56","date_gmt":"2023-11-28T03:25:56","guid":{"rendered":"https:\/\/centraldeportes.com.ar\/?p=45625"},"modified":"2025-02-12T23:14:18","modified_gmt":"2025-02-13T02:14:18","slug":"la-final-del-federal-a-tendra-protagonismo-olavarriense","status":"publish","type":"post","link":"https:\/\/cdnoticias.com\/index.php\/2023\/11\/28\/la-final-del-federal-a-tendra-protagonismo-olavarriense\/","title":{"rendered":"La final del Federal A tendr\u00e1 protagonismo olavarriense"},"content":{"rendered":"<p>Douglas Haig, con Agust\u00edn Osinaga, elimin\u00f3 a Ciudad de Bol\u00edvar y jugar\u00e1 por el ascenso a la Primera Nacional contra Gimnasia y Tiro de Salta, que dej\u00f3 en el camino al Olimpo de Hadad.<!--more--><\/p>\n<hr \/>\n<p>El tercer escal\u00f3n del f\u00fatbol argentino entr\u00f3 en etapas definitivas y durante la tarde del pasado domingo, en Bah\u00eda Blanca y Pergamino, disput\u00f3 las semifinales del Reducido que contaron con presencia de futbolistas olavarrienses.<\/p>\n<p>&nbsp;<\/p>\n<p>Por un lado, <strong>Gimnasia y Tiro de Salta dio el batacazo y dej\u00f3 con las manos vac\u00edas a Olimpo<\/strong>, que termin\u00f3 pagando caro su tercera derrota en toda la temporada. <strong>Fue 1 a 0<\/strong> y el gol de la clasificaci\u00f3n para el conjunto dirigido por el \u201cYagui\u201d Forestello lo marc\u00f3 Ezequiel C\u00e9rica a los 33\u2019 del primer tiempo. <strong>Nadir Hadad integr\u00f3 la n\u00f3mina de suplentes en el \u201cAurinegro\u201d bahiense, pero no tuvo minutos en el campo de juego<\/strong>.<\/p>\n<p>&nbsp;<\/p>\n<p>A la par, pero en el Estadio Miguel Morales, <strong>Douglas Haig<\/strong> lo perd\u00eda por la m\u00ednima diferencia,<strong> se lo dio vuelta 2 a 1 a Ciudad de Bol\u00edvar y sell\u00f3 la clasificaci\u00f3n a la final de la categor\u00eda<\/strong>. Luciano V\u00e1zquez, a los 8\u2019, puso la ventaja transitoria para \u201cLas \u00c1guilas\u201d bolivarenses, en tanto que Ezequiel \u00c1vila a los 78\u2019 y Pablo Cuevas, de contragolpe a los 93\u2019, sentenciaron el triunfo para el \u201cFogonero\u201d.<\/p>\n<p>&nbsp;<\/p>\n<p>Por su parte, <strong>Agust\u00edn Osinaga fue titular en Douglas<\/strong> y disput\u00f3 todo el partido, mientras que <strong>Alfredo Troncoso, en Ciudad, estuvo en el banco de suplentes e ingres\u00f3 a los 72\u2019<\/strong> en lugar de Luciano V\u00e1zquez.<\/p>\n<p>&nbsp;<\/p>\n<p>A\u00fan con horario a confirmar durante la semana,<strong> la final entre Douglas Haig y Gimnasia y Tiro de Salta se disputar\u00e1 el pr\u00f3ximo domingo 3 de diciembre<\/strong>, posiblemente en el Estadio Carlos Mercado Luna de La Rioja.<\/p>\n<p>&nbsp;<\/p>\n<p><em><strong>Foto: Club Atl\u00e9tico Douglas Haig.<\/strong><\/em><\/p>\n","protected":false},"excerpt":{"rendered":"<p>Douglas Haig, con Agust\u00edn Osinaga, elimin\u00f3 a Ciudad de Bol\u00edvar y jugar\u00e1 por el ascenso a la Primera Nacional contra<\/p>\n","protected":false},"author":96739694,"featured_media":158832,"comment_status":"closed","ping_status":"closed","sticky":false,"template":"","format":"standard","meta":{"_jetpack_memberships_contains_paid_content":false,"footnotes":""},"categories":[37,1],"tags":[],"class_list":["post-138064","post","type-post","status-publish","format-standard","has-post-thumbnail","hentry","category-futbol-profesional","category-portada"],"jetpack_featured_media_url":"https:\/\/i0.wp.com\/cdnoticias.com\/wp-content\/uploads\/2023\/11\/Agustin-Osinaga-Douglas-Haig-Final-Federal-A-e1701141906394.jpg?fit=1000%2C588&ssl=1","jetpack_sharing_enabled":true,"_links":{"self":[{"href":"https:\/\/cdnoticias.com\/index.php\/wp-json\/wp\/v2\/posts\/138064","targetHints":{"allow":["GET"]}}],"collection":[{"href":"https:\/\/cdnoticias.com\/index.php\/wp-json\/wp\/v2\/posts"}],"about":[{"href":"https:\/\/cdnoticias.com\/index.php\/wp-json\/wp\/v2\/types\/post"}],"author":[{"embeddable":true,"href":"https:\/\/cdnoticias.com\/index.php\/wp-json\/wp\/v2\/users\/96739694"}],"replies":[{"embeddable":true,"href":"https:\/\/cdnoticias.com\/index.php\/wp-json\/wp\/v2\/comments?post=138064"}],"version-history":[{"count":0,"href":"https:\/\/cdnoticias.com\/index.php\/wp-json\/wp\/v2\/posts\/138064\/revisions"}],"wp:featuredmedia":[{"embeddable":true,"href":"https:\/\/cdnoticias.com\/index.php\/wp-json\/wp\/v2\/media\/158832"}],"wp:attachment":[{"href":"https:\/\/cdnoticias.com\/index.php\/wp-json\/wp\/v2\/media?parent=138064"}],"wp:term":[{"taxonomy":"category","embeddable":true,"href":"https:\/\/cdnoticias.com\/index.php\/wp-json\/wp\/v2\/categories?post=138064"},{"taxonomy":"post_tag","embeddable":true,"href":"https:\/\/cdnoticias.com\/index.php\/wp-json\/wp\/v2\/tags?post=138064"}],"curies":[{"name":"wp","href":"https:\/\/api.w.org\/{rel}","templated":true}]}}