{"id":138063,"date":"2023-11-27T23:21:07","date_gmt":"2023-11-28T02:21:07","guid":{"rendered":"https:\/\/centraldeportes.com.ar\/?p=45623"},"modified":"2025-02-12T23:14:19","modified_gmt":"2025-02-13T02:14:19","slug":"divisional-b-la-primera-final-del-play-off-fue-empate","status":"publish","type":"post","link":"https:\/\/cdnoticias.com\/index.php\/2023\/11\/27\/divisional-b-la-primera-final-del-play-off-fue-empate\/","title":{"rendered":"Divisional B: la primera final del Play-Off fue empate"},"content":{"rendered":"<p>Recalde y Mu\u00f1oz quedaron a mano en los primeros noventa minutos de la definici\u00f3n e igualaron 1 a 1 en cancha de Embajadores. A la par, en Reserva, tambi\u00e9n fue empate entre Crotto y el conjunto recaldense.<!--more--><\/p>\n<hr \/>\n<p>Este \u00faltimo fin de semana, Olavarr\u00eda estuvo cargada de f\u00fatbol y la segunda categor\u00eda de la entidad liguista no fue la excepci\u00f3n. <strong>En el sint\u00e9tico del Clemente Di Carlo, se jug\u00f3 la primera final del Play-Off del Torneo Oficial<\/strong>.<\/p>\n<p>&nbsp;<\/p>\n<p><strong>Recalde y Mu\u00f1oz<\/strong>, los protagonistas en cuesti\u00f3n, <strong>no se sacaron diferencias<\/strong> al cabo de los 90\u2019 reglamentarios<strong> y terminaron empatando 1 a 1<\/strong>.<\/p>\n<p>&nbsp;<\/p>\n<p>[soliloquy id=&#8221;45513&#8243;]<\/p>\n<p>&nbsp;<\/p>\n<p>Con gol de <strong>Alejandro Videla<\/strong>, el elenco recaldense lo comenz\u00f3 ganando \u201cdesde el vestuario\u201d en el sint\u00e9ntico, pero en la etapa complementaria el \u201cAlbiceleste\u201d, que sufri\u00f3 la expulsi\u00f3n de Esteban De Cicco, lleg\u00f3 a la igualdad por intermedio de <strong>Nicol\u00e1s Calaz<\/strong>.<\/p>\n<p>&nbsp;<\/p>\n<p><strong>En Reserva, Recalde y Crotto emularon a la categor\u00eda mayor. Fue empate 1 a 1<\/strong> con goles de <strong>Ezequiel Del Castillo<\/strong> para el \u201cAlbinegro\u201d y <strong>Cristian L\u00f3pez<\/strong> para el combinado crottense.<\/p>\n<p>&nbsp;<\/p>\n<p>El pr\u00f3ximo fin de semana, con horario y escenario a confirmar, se disputar\u00e1n las revanchas y se conocer\u00e1 al rival que enfrentar\u00e1 a Colonias y Cerros por el boleto a Primera Divisi\u00f3n.<\/p>\n","protected":false},"excerpt":{"rendered":"<p>Recalde y Mu\u00f1oz quedaron a mano en los primeros noventa minutos de la definici\u00f3n e igualaron 1 a 1 en<\/p>\n","protected":false},"author":96739694,"featured_media":158834,"comment_status":"closed","ping_status":"closed","sticky":false,"template":"","format":"standard","meta":{"_jetpack_memberships_contains_paid_content":false,"footnotes":""},"categories":[35,1,41],"tags":[],"class_list":["post-138063","post","type-post","status-publish","format-standard","has-post-thumbnail","hentry","category-futbol","category-portada","category-primera-y-reserva"],"jetpack_featured_media_url":"https:\/\/i0.wp.com\/cdnoticias.com\/wp-content\/uploads\/2023\/11\/Photo_1701051282964-scaled.jpg?fit=2560%2C1706&ssl=1","jetpack_sharing_enabled":true,"_links":{"self":[{"href":"https:\/\/cdnoticias.com\/index.php\/wp-json\/wp\/v2\/posts\/138063","targetHints":{"allow":["GET"]}}],"collection":[{"href":"https:\/\/cdnoticias.com\/index.php\/wp-json\/wp\/v2\/posts"}],"about":[{"href":"https:\/\/cdnoticias.com\/index.php\/wp-json\/wp\/v2\/types\/post"}],"author":[{"embeddable":true,"href":"https:\/\/cdnoticias.com\/index.php\/wp-json\/wp\/v2\/users\/96739694"}],"replies":[{"embeddable":true,"href":"https:\/\/cdnoticias.com\/index.php\/wp-json\/wp\/v2\/comments?post=138063"}],"version-history":[{"count":0,"href":"https:\/\/cdnoticias.com\/index.php\/wp-json\/wp\/v2\/posts\/138063\/revisions"}],"wp:featuredmedia":[{"embeddable":true,"href":"https:\/\/cdnoticias.com\/index.php\/wp-json\/wp\/v2\/media\/158834"}],"wp:attachment":[{"href":"https:\/\/cdnoticias.com\/index.php\/wp-json\/wp\/v2\/media?parent=138063"}],"wp:term":[{"taxonomy":"category","embeddable":true,"href":"https:\/\/cdnoticias.com\/index.php\/wp-json\/wp\/v2\/categories?post=138063"},{"taxonomy":"post_tag","embeddable":true,"href":"https:\/\/cdnoticias.com\/index.php\/wp-json\/wp\/v2\/tags?post=138063"}],"curies":[{"name":"wp","href":"https:\/\/api.w.org\/{rel}","templated":true}]}}