{"id":138051,"date":"2023-11-27T06:27:09","date_gmt":"2023-11-27T09:27:09","guid":{"rendered":"https:\/\/centraldeportes.com.ar\/?p=45560"},"modified":"2025-02-12T23:14:38","modified_gmt":"2025-02-13T02:14:38","slug":"el-fortin-y-municipales-sin-diferencias-en-el-ricardo-sanchez","status":"publish","type":"post","link":"https:\/\/cdnoticias.com\/index.php\/2023\/11\/27\/el-fortin-y-municipales-sin-diferencias-en-el-ricardo-sanchez\/","title":{"rendered":"El Fort\u00edn y Municipales, sin diferencias en el Ricardo S\u00e1nchez"},"content":{"rendered":"\n<div class=\"wp-block-group is-layout-constrained wp-block-group-is-layout-constrained\">\n<p>Por la 4\u00b0 fecha de la Zona 8, el elenco \u201cFortinero\u201d lo ganaba con dos goles de diferencia, pero los del sindicato lograron igualarlo y repartieron puntos. <!--more--><\/p>\n<hr \/>\n<p>A la par del duelo entre Embajadores y Racing, en la calurosa tarde de este domingo <strong>El Fort\u00edn y Municipales volvieron a enfrentarse por la Zona 8<\/strong> de la Regi\u00f3n Pampeana Sur.<\/p>\n<p>\u00a0<\/p>\n<p>El local, que consigui\u00f3 adelantarse con dos goles consecutivos, no pudo sostener la diferencia y el conjunto del sindicato logr\u00f3 llegar a la paridad. <strong>Fue 2 a 2 el resultado en cifras definitivas en el c\u00e9sped del Ricardo S\u00e1nchez<\/strong>.<\/p>\n<p>\u00a0<\/p>\n<p>[soliloquy id=&#8221;45525&#8243;]<\/p>\n<p>\u00a0<\/p>\n<p><strong>Leonardo Benito<\/strong> a los 14\u2019 y<strong> Emiliano Piecenti<\/strong> a los 16\u2019, pusieron la ventaja para los dirigidos por Fabricio Torres, mientras que <strong>Gabriel Rivas<\/strong> a los 45\u2019 y <strong>Franco Janson <\/strong>en el minuto 60 convirtieron los tantos del empate para la visita. <strong>Adem\u00e1s, ambos terminaron con diez jugadores por las expulsiones de Teves (EF) y Bianciotto (M).<\/strong><\/p>\n<p>\u00a0<\/p>\n<p>De esta manera, <strong>El Fort\u00edn contin\u00faa como \u00fanico l\u00edder del grupo con 8 unidades<\/strong> a la espera del resultado entre Balonpi\u00e9 \u2013 Bancario que jugar\u00e1n el pr\u00f3ximo mi\u00e9rcoles. Por su parte, <strong>Municipales lleg\u00f3 a los 5 puntos<\/strong>.<\/p>\n<p>\u00a0<\/p>\n<p><strong>S\u00edntesis El Fort\u00edn \u2013 Municipales: \u00a0<\/strong><\/p>\n<p><strong>El Fort\u00edn (2):<\/strong> N\u00e9stor Ram\u00edrez; Emanuel Teves, Hugo Larregina, Enzo Barrientos, Cristian Echarri; Marcos Bonavetti (L. Ferrara), Agust\u00edn Hatrick (Gian Di Tommaso), Mat\u00edas Abelairas (E. Bonavetti); Yoel Gonz\u00e1lez, Emiliano Piecenti (P. Ponce) y Leonardo Benito (S. Rodr\u00edguez). DT: Fabricio Torres.<\/p>\n<p><strong>Municipales (2): <\/strong>Gonzalo Bahl; Tom\u00e1s Lindner, Alan P\u00e9rez, Carlos Ruschetti, Franco Vel\u00e1zquez (H. Janson); Jonathan Campos (E. Sbardolini), Alen Leal (C. Di Filippo), Franco Janson, Claudio Gim\u00e9nez; Gabriel Rivas (A. Bianciotto) y Joaqu\u00edn Stular (A. Teixeira). DT: Gabriel Senzacqua.<\/p>\n<p><strong>Goles<\/strong>: 13m. PT Leonardo Benito (EF), 16m. PT Emiliano Piecenti (EF); 45m. PT Gabriel Rivas (M) y 15m. ST Franco Janson (M).<\/p>\n<p><strong>Amonestados<\/strong>: Larregina y Di Tommaso (El Fort\u00edn); P\u00e9rez, Vel\u00e1zquez y Campos (Municipales).<\/p>\n<p><strong>Expulsados<\/strong>: Emanuel Teves y Pablo Mar\u00edn \u2013 AC \u2013 (EF); Alejandro Bianciotto (M).<\/p>\n<p><strong>\u00c1rbitro<\/strong>: Nicol\u00e1s Moreno. <strong>Estadio<\/strong>: Ricardo S\u00e1nchez.<\/p>\n<\/div>\n","protected":false},"excerpt":{"rendered":"<p>Por la 4\u00b0 fecha de la Zona 8, el elenco \u201cFortinero\u201d lo ganaba con dos goles de diferencia, pero los<\/p>\n","protected":false},"author":96739694,"featured_media":158853,"comment_status":"closed","ping_status":"closed","sticky":false,"template":"","format":"standard","meta":{"_jetpack_memberships_contains_paid_content":false,"footnotes":""},"categories":[35,1,54],"tags":[],"class_list":["post-138051","post","type-post","status-publish","format-standard","has-post-thumbnail","hentry","category-futbol","category-portada","category-torneo-regional-amateur"],"jetpack_featured_media_url":"https:\/\/i0.wp.com\/cdnoticias.com\/wp-content\/uploads\/2023\/11\/El-Fortin-Municipales-TRFA-1.jpg?fit=1280%2C853&ssl=1","jetpack_sharing_enabled":true,"_links":{"self":[{"href":"https:\/\/cdnoticias.com\/index.php\/wp-json\/wp\/v2\/posts\/138051","targetHints":{"allow":["GET"]}}],"collection":[{"href":"https:\/\/cdnoticias.com\/index.php\/wp-json\/wp\/v2\/posts"}],"about":[{"href":"https:\/\/cdnoticias.com\/index.php\/wp-json\/wp\/v2\/types\/post"}],"author":[{"embeddable":true,"href":"https:\/\/cdnoticias.com\/index.php\/wp-json\/wp\/v2\/users\/96739694"}],"replies":[{"embeddable":true,"href":"https:\/\/cdnoticias.com\/index.php\/wp-json\/wp\/v2\/comments?post=138051"}],"version-history":[{"count":0,"href":"https:\/\/cdnoticias.com\/index.php\/wp-json\/wp\/v2\/posts\/138051\/revisions"}],"wp:featuredmedia":[{"embeddable":true,"href":"https:\/\/cdnoticias.com\/index.php\/wp-json\/wp\/v2\/media\/158853"}],"wp:attachment":[{"href":"https:\/\/cdnoticias.com\/index.php\/wp-json\/wp\/v2\/media?parent=138051"}],"wp:term":[{"taxonomy":"category","embeddable":true,"href":"https:\/\/cdnoticias.com\/index.php\/wp-json\/wp\/v2\/categories?post=138051"},{"taxonomy":"post_tag","embeddable":true,"href":"https:\/\/cdnoticias.com\/index.php\/wp-json\/wp\/v2\/tags?post=138051"}],"curies":[{"name":"wp","href":"https:\/\/api.w.org\/{rel}","templated":true}]}}