{"id":138041,"date":"2023-11-24T21:11:22","date_gmt":"2023-11-25T00:11:22","guid":{"rendered":"https:\/\/centraldeportes.com.ar\/?p=45456"},"modified":"2025-02-12T23:14:56","modified_gmt":"2025-02-13T02:14:56","slug":"el-memorial-carlos-orifici-ya-tiene-a-los-campeones-de-su-tercera-edicion","status":"publish","type":"post","link":"https:\/\/cdnoticias.com\/index.php\/2023\/11\/24\/el-memorial-carlos-orifici-ya-tiene-a-los-campeones-de-su-tercera-edicion\/","title":{"rendered":"El Memorial \u201cCarlos Orifici\u201d ya tiene a los campeones de su tercera edici\u00f3n"},"content":{"rendered":"<p>Lleg\u00f3 a su fin una nueva edici\u00f3n del \u201cMemorial Carlos Orifici\u201d y como acto de cierre se realiz\u00f3 la entrega de premios a cargo de la\u00a0 Subcomisi\u00f3n de Tenis de Racing Atletic Club.<!--more--><\/p>\n<hr \/>\n<p>Concluy\u00f3 una nueva edici\u00f3n del certamen que homenajea al ex presidente de la entidad y en el sal\u00f3n de la secci\u00f3n tenis del Parque Olavarr\u00eda se llev\u00f3 a cabo la ceremonia de clausura donde se realiz\u00f3 la entrega de premios a los campeones.<\/p>\n<p>&nbsp;<\/p>\n<p>Los t\u00edtulos fueron:<\/p>\n<p>Quinta y Sexta Caballeros: Ramiro y Bruno Brunand<br \/>\nDamas C: Marisa Jauregui y Ana Manzur<br \/>\nIntermedia Caballeros: Nicol\u00e1s Burgardt y Nicol\u00e1s Viola<br \/>\nPrimera y Segunda Caballeros: Ferm\u00edn Ferreira y Ferm\u00edn Ripoll<br \/>\nMixto C: Juan Carlos Castelli y Valentina Diorio<br \/>\nMixto B. Ezequiel Gonz\u00e1lez y Manuela Nard\u00edn<br \/>\nDamas B: Josefina Biurle y Cristina Arregui<br \/>\nTercera y Cuarta Caballeros: Cristian Yungblut y Juan Meccia<\/p>\n","protected":false},"excerpt":{"rendered":"<p>Lleg\u00f3 a su fin una nueva edici\u00f3n del \u201cMemorial Carlos Orifici\u201d y como acto de cierre se realiz\u00f3 la entrega<\/p>\n","protected":false},"author":96739694,"featured_media":158876,"comment_status":"closed","ping_status":"closed","sticky":false,"template":"","format":"standard","meta":{"_jetpack_memberships_contains_paid_content":false,"footnotes":""},"categories":[1,55],"tags":[],"class_list":["post-138041","post","type-post","status-publish","format-standard","has-post-thumbnail","hentry","category-portada","category-tenis-padel"],"jetpack_featured_media_url":"https:\/\/i0.wp.com\/cdnoticias.com\/wp-content\/uploads\/2023\/11\/104-4.jpg?fit=1080%2C818&ssl=1","jetpack_sharing_enabled":true,"_links":{"self":[{"href":"https:\/\/cdnoticias.com\/index.php\/wp-json\/wp\/v2\/posts\/138041","targetHints":{"allow":["GET"]}}],"collection":[{"href":"https:\/\/cdnoticias.com\/index.php\/wp-json\/wp\/v2\/posts"}],"about":[{"href":"https:\/\/cdnoticias.com\/index.php\/wp-json\/wp\/v2\/types\/post"}],"author":[{"embeddable":true,"href":"https:\/\/cdnoticias.com\/index.php\/wp-json\/wp\/v2\/users\/96739694"}],"replies":[{"embeddable":true,"href":"https:\/\/cdnoticias.com\/index.php\/wp-json\/wp\/v2\/comments?post=138041"}],"version-history":[{"count":0,"href":"https:\/\/cdnoticias.com\/index.php\/wp-json\/wp\/v2\/posts\/138041\/revisions"}],"wp:featuredmedia":[{"embeddable":true,"href":"https:\/\/cdnoticias.com\/index.php\/wp-json\/wp\/v2\/media\/158876"}],"wp:attachment":[{"href":"https:\/\/cdnoticias.com\/index.php\/wp-json\/wp\/v2\/media?parent=138041"}],"wp:term":[{"taxonomy":"category","embeddable":true,"href":"https:\/\/cdnoticias.com\/index.php\/wp-json\/wp\/v2\/categories?post=138041"},{"taxonomy":"post_tag","embeddable":true,"href":"https:\/\/cdnoticias.com\/index.php\/wp-json\/wp\/v2\/tags?post=138041"}],"curies":[{"name":"wp","href":"https:\/\/api.w.org\/{rel}","templated":true}]}}