{"id":138040,"date":"2023-11-24T21:02:39","date_gmt":"2023-11-25T00:02:39","guid":{"rendered":"https:\/\/centraldeportes.com.ar\/?p=45452"},"modified":"2025-02-12T23:14:57","modified_gmt":"2025-02-13T02:14:57","slug":"moura-y-diaz-aspiroz-finalizaron-su-participacion-en-los-parapanamericanos","status":"publish","type":"post","link":"https:\/\/cdnoticias.com\/index.php\/2023\/11\/24\/moura-y-diaz-aspiroz-finalizaron-su-participacion-en-los-parapanamericanos\/","title":{"rendered":"Moura y D\u00edaz Aspiroz finalizaron su participaci\u00f3n en los Parapanamericanos"},"content":{"rendered":"<p>La nadadora concluy\u00f3 este viernes su recorrido en la cita deportiva luego de disputar los 400 metros libres categor\u00edas S11. A la par, entre mi\u00e9rcoles y jueves pasado, compiti\u00f3 el representante en b\u00e1dminton adaptado.<!--more--><\/p>\n<hr \/>\n<p>Tras varios d\u00edas a pura competencia, este viernes <strong>culmin\u00f3 la participaci\u00f3n olavarriense en los Juegos Parapanamericanos de Chile<\/strong> culmin\u00f3 con la \u00faltima prueba para<strong> Daiana Moura<\/strong> en el Centro Acu\u00e1tico de la capital trasandina.<\/p>\n<p>&nbsp;<\/p>\n<p>La representante olavarriense en la Delegaci\u00f3n nacional <strong>disput\u00f3 los 400 metros estilo libre categor\u00eda S11 y termin\u00f3 5\u00b0 con un registro de 7:43.19<\/strong>. La presea de oro fue para la mexicana Matilde Alc\u00e1zar.<\/p>\n<p>&nbsp;<\/p>\n<p>Anteriormente, <strong>el pasado mi\u00e9rcoles, Daiana se apunt\u00f3 en los 100 metros libres y lleg\u00f3 en la 7\u00b0 ubicaci\u00f3n con un tiempo de 1:45.63<\/strong>. En este caso, la compatriota Analuz Pellitero se qued\u00f3 con la medalla dorada tras terminar el recorrido al 1:11.14.<\/p>\n<p>&nbsp;<\/p>\n<p><img data-recalc-dims=\"1\" loading=\"lazy\" decoding=\"async\" class=\"aligncenter size-full wp-image-45454\" src=\"https:\/\/i0.wp.com\/cdnoticias.com\/wp-content\/uploads\/2023\/11\/WhatsApp-Image-2023-11-24-at-11.51.50-e1700870506951.jpeg?resize=800%2C485&#038;ssl=1\" alt=\"\" width=\"800\" height=\"485\" \/><\/p>\n<p>&nbsp;<\/p>\n<p>Por otro lado, entre mi\u00e9rcoles y jueves,<strong> Lucas D\u00edaz Aspiroz<\/strong> tuvo su intervenci\u00f3n en la cita deportiva y compiti\u00f3 en b\u00e1dminton adaptado en el Centro de Entrenamiento Ol\u00edmpico de Santiago.<\/p>\n<p>&nbsp;<\/p>\n<p>En primer t\u00e9rmino, <strong>debut\u00f3 contra el peruano Fernando Vilcachagua en la modalidad individual y cay\u00f3 2 \u2013 0<\/strong> con parciales de 21\/6 y 21\/9. Luego,<strong> en dobles junto con Amilcar Robledo, perdieron contra los brasile\u00f1os Julio C\u00e9sar Godoy y Marcelo Conceicao<\/strong>. Fue 2 \u2013 0 con un doble 21\/5.<\/p>\n<p>&nbsp;<\/p>\n<p><strong>El jueves tambi\u00e9n fue con resultados negativos para el olavarriense<\/strong>. Primero en el single cedi\u00f3 2 \u2013 0 (21\/7 y 21\/4) ante Conceicao y obtuvo el mismo resultado en dobles \u2013 con Robledo \u2013 frente a los peruanos Vilcachagua y Roberth Fajardo con games de 21\/13 y 21\/15.<\/p>\n<p>&nbsp;<\/p>\n<p><em><strong>Foto: Badminton Pan America.<\/strong><\/em><\/p>\n","protected":false},"excerpt":{"rendered":"<p>La nadadora concluy\u00f3 este viernes su recorrido en la cita deportiva luego de disputar los 400 metros libres categor\u00edas S11.<\/p>\n","protected":false},"author":96739694,"featured_media":158879,"comment_status":"closed","ping_status":"closed","sticky":false,"template":"","format":"standard","meta":{"_jetpack_memberships_contains_paid_content":false,"footnotes":""},"categories":[30,1],"tags":[],"class_list":["post-138040","post","type-post","status-publish","format-standard","has-post-thumbnail","hentry","category-polideportivo","category-portada"],"jetpack_featured_media_url":"https:\/\/i0.wp.com\/cdnoticias.com\/wp-content\/uploads\/2023\/11\/Lucas-Diaz-Aspiroz.jpg?fit=1000%2C666&ssl=1","jetpack_sharing_enabled":true,"_links":{"self":[{"href":"https:\/\/cdnoticias.com\/index.php\/wp-json\/wp\/v2\/posts\/138040","targetHints":{"allow":["GET"]}}],"collection":[{"href":"https:\/\/cdnoticias.com\/index.php\/wp-json\/wp\/v2\/posts"}],"about":[{"href":"https:\/\/cdnoticias.com\/index.php\/wp-json\/wp\/v2\/types\/post"}],"author":[{"embeddable":true,"href":"https:\/\/cdnoticias.com\/index.php\/wp-json\/wp\/v2\/users\/96739694"}],"replies":[{"embeddable":true,"href":"https:\/\/cdnoticias.com\/index.php\/wp-json\/wp\/v2\/comments?post=138040"}],"version-history":[{"count":0,"href":"https:\/\/cdnoticias.com\/index.php\/wp-json\/wp\/v2\/posts\/138040\/revisions"}],"wp:featuredmedia":[{"embeddable":true,"href":"https:\/\/cdnoticias.com\/index.php\/wp-json\/wp\/v2\/media\/158879"}],"wp:attachment":[{"href":"https:\/\/cdnoticias.com\/index.php\/wp-json\/wp\/v2\/media?parent=138040"}],"wp:term":[{"taxonomy":"category","embeddable":true,"href":"https:\/\/cdnoticias.com\/index.php\/wp-json\/wp\/v2\/categories?post=138040"},{"taxonomy":"post_tag","embeddable":true,"href":"https:\/\/cdnoticias.com\/index.php\/wp-json\/wp\/v2\/tags?post=138040"}],"curies":[{"name":"wp","href":"https:\/\/api.w.org\/{rel}","templated":true}]}}