{"id":138026,"date":"2023-11-23T05:36:58","date_gmt":"2023-11-23T08:36:58","guid":{"rendered":"https:\/\/centraldeportes.com.ar\/?p=45399"},"modified":"2025-02-12T23:12:57","modified_gmt":"2025-02-13T02:12:57","slug":"la-seleccion-sub-15-cayo-a-domicilio-frente-a-tandil","status":"publish","type":"post","link":"https:\/\/cdnoticias.com\/index.php\/2023\/11\/23\/la-seleccion-sub-15-cayo-a-domicilio-frente-a-tandil\/","title":{"rendered":"La Selecci\u00f3n Sub 15 cay\u00f3 a domicilio frente a Tandil"},"content":{"rendered":"<p>Por la 3\u00b0 fecha del Torneo de Selecciones, el combinado olavarriense no pudo ante la contundencia del representativo de Tandil y fue goleado 4 a 0 en el Ricardo S\u00e1nchez.<!--more--><\/p>\n<hr \/>\n<p>Luego de la victoria lograda siete d\u00edas atr\u00e1s en Azul, la <strong>Selecci\u00f3n Juvenil Sub 15 de Olavarr\u00eda<\/strong> regres\u00f3 a la local\u00eda y en la soleada tarde de este mi\u00e9rcoles, en el Ricardo S\u00e1nchez de El Fort\u00edn,<strong> recibi\u00f3 al combinado de la Liga de Tandil<\/strong> en el marco de la<strong> 3\u00b0 fecha de la Zona 3<\/strong> del Torneo de Selecciones.<\/p>\n<p>&nbsp;<\/p>\n<p>Al cabo de los 80 minutos,<strong> el elenco dirigido por Dardo Seibel registr\u00f3 su primera derrota en el certamen tras caer por 4 a 0 ante los tandilenses<\/strong>, que ven\u00eda de igualar en sus anteriores dos presentaciones.<\/p>\n<p>&nbsp;<\/p>\n<p>Los goles de la visita fueron convertidos por<strong> Joaqu\u00edn Marcovich y Alexis Zavala<\/strong>, en la primera mitad, mientras que en la etapa complementaria <strong>Gregorio Ghezan y Pablo Argoyt\u00eda<\/strong>, con un golazo, decretaron el resultado definitivo.<\/p>\n<p>&nbsp;<\/p>\n<p>[soliloquy id=&#8221;45362&#8243;]<\/p>\n<p>&nbsp;<\/p>\n<p>Olavarr\u00eda fue de mayor a lo largo del partido en el c\u00e9sped \u201cFortinero\u201d. Comenz\u00f3 con lucidez, pero la fue perdiendo a medida que Tandil agarr\u00f3 la pelota y se fortaleci\u00f3 en la mitad de la cancha con la tenencia. Las ocasiones de peligro no tardaron en llegar para los de Andolfatti y a los 20\u2019 se puso en ventaja por intermedio de <strong>Marcovich<\/strong>, quien parti\u00f3 habilitado y defini\u00f3 por encima de Dilascio para el 1 a 0.<\/p>\n<p>&nbsp;<\/p>\n<p>El segundo arrib\u00f3 sobre el cierre del primer tiempo, a los 40\u2019, donde <strong>Zavala<\/strong> aprovech\u00f3 un error en la defensa olavarriense y no perdon\u00f3 a la altura del \u00e1rea chica. Ya en el complemento, a los 52\u2019, el reci\u00e9n ingresado<strong> Ghezan<\/strong> tom\u00f3 un rebote del joven arquero local, remat\u00f3 cruzado y decret\u00f3 el 0 \u2013 3 parcial.<\/p>\n<p>&nbsp;<\/p>\n<p>Minutos despu\u00e9s, a los 58\u2019, Tandil anot\u00f3 el cuarto grito de la tarde. Y fue con un golazo. La jugada parti\u00f3 de un mal pase atr\u00e1s de Ramad\u00e1n que tom\u00f3 Zavala y cambi\u00f3 enseguida para <strong>Argoyt\u00eda<\/strong>, que enganch\u00f3 para la zurda cerca del v\u00e9rtice derecho y la clav\u00f3 en el \u00e1ngulo.<\/p>\n<p>&nbsp;<\/p>\n<p>De esta manera, la Sub 15 de Olavarr\u00eda cerr\u00f3 la primer rueda con una derrota y<strong> en el inicio de lo desquites visitar\u00e1 a la Selecci\u00f3n de Ayacucho<\/strong>, que tambi\u00e9n <strong>perdi\u00f3 su partido contra Azul por 2 a 1<\/strong>.<\/p>\n<hr \/>\n<p><img data-recalc-dims=\"1\" loading=\"lazy\" decoding=\"async\" class=\"aligncenter size-full wp-image-45401\" src=\"https:\/\/i0.wp.com\/cdnoticias.com\/wp-content\/uploads\/2023\/11\/Torneo-de-Selecciones-Sub-15-Fecha-3.png?resize=788%2C244&#038;ssl=1\" alt=\"\" width=\"788\" height=\"244\" \/><\/p>\n<hr \/>\n<p><strong>S\u00edntesis Olavarr\u00eda \u2013 Tandil: \u00a0<\/strong><\/p>\n<p><strong>Olavarr\u00eda (0):<\/strong> Mateo Dilascio; Nahir Vallejos, Jerem\u00edas Aguer (M. L\u00f3pez), Jerem\u00edas Dom\u00ednguez, Thiago Degenhart; Pedro Azato, Tob\u00edas Ramad\u00e1n, Balthazar Pad\u00edn (N. Alarco), Leandro Tolosa (E. Arena); Nicol\u00e1s Gojam (M. Bustos) y Bernardo Peralta (T. Pi\u00f1eyro). DT: Dardo Seibel.<\/p>\n<p><strong>Tandil (4): <\/strong>M\u00e1ximo Villarruel; Valentino Viola, Juan Ignacio Chobadindeguy, Salvador Sobarzo (M. Labour), Gabriel Altamirano; Benjam\u00edn Burgos (L. Moreno), Lautaro Cenizo, Pablo Argoyt\u00eda, Thiago Galabert (F. Llanos); Alexis Zavala (M. El\u00edas) y Joaqu\u00edn Marcovich (G. Ghezan). DT: Ezequiel Andolfatti.<\/p>\n<p><strong>Goles<\/strong>: 20m. PT Joaqu\u00edn Marcovich, 40m. PT Alexis Zavala; 12m. ST Gregorio Ghezan y 18m. ST Pablo Argoyt\u00eda (T).<\/p>\n<p><strong>Amonestados: <\/strong>Pad\u00edn, Degenhart y Marcos Valderrey \u2013 AC \u2013 (Olavarr\u00eda); Burgos, Villarruel y Labour (Tandil).<\/p>\n<p><strong>Expulsados: <\/strong>No hubo.<\/p>\n<p><strong>\u00c1rbitro<\/strong>: Braian Tiseira (Bol\u00edvar). <strong>Estadio<\/strong>: Ricardo S\u00e1nchez.<\/p>\n","protected":false},"excerpt":{"rendered":"<p>Por la 3\u00b0 fecha del Torneo de Selecciones, el combinado olavarriense no pudo ante la contundencia del representativo de Tandil<\/p>\n","protected":false},"author":96739694,"featured_media":158795,"comment_status":"closed","ping_status":"closed","sticky":false,"template":"","format":"standard","meta":{"_jetpack_memberships_contains_paid_content":false,"footnotes":""},"categories":[35,40,1],"tags":[],"class_list":["post-138026","post","type-post","status-publish","format-standard","has-post-thumbnail","hentry","category-futbol","category-inferiores","category-portada"],"jetpack_featured_media_url":"https:\/\/i0.wp.com\/cdnoticias.com\/wp-content\/uploads\/2023\/11\/Olav-sub15-9.jpg?fit=1280%2C853&ssl=1","jetpack_sharing_enabled":true,"_links":{"self":[{"href":"https:\/\/cdnoticias.com\/index.php\/wp-json\/wp\/v2\/posts\/138026","targetHints":{"allow":["GET"]}}],"collection":[{"href":"https:\/\/cdnoticias.com\/index.php\/wp-json\/wp\/v2\/posts"}],"about":[{"href":"https:\/\/cdnoticias.com\/index.php\/wp-json\/wp\/v2\/types\/post"}],"author":[{"embeddable":true,"href":"https:\/\/cdnoticias.com\/index.php\/wp-json\/wp\/v2\/users\/96739694"}],"replies":[{"embeddable":true,"href":"https:\/\/cdnoticias.com\/index.php\/wp-json\/wp\/v2\/comments?post=138026"}],"version-history":[{"count":0,"href":"https:\/\/cdnoticias.com\/index.php\/wp-json\/wp\/v2\/posts\/138026\/revisions"}],"wp:featuredmedia":[{"embeddable":true,"href":"https:\/\/cdnoticias.com\/index.php\/wp-json\/wp\/v2\/media\/158795"}],"wp:attachment":[{"href":"https:\/\/cdnoticias.com\/index.php\/wp-json\/wp\/v2\/media?parent=138026"}],"wp:term":[{"taxonomy":"category","embeddable":true,"href":"https:\/\/cdnoticias.com\/index.php\/wp-json\/wp\/v2\/categories?post=138026"},{"taxonomy":"post_tag","embeddable":true,"href":"https:\/\/cdnoticias.com\/index.php\/wp-json\/wp\/v2\/tags?post=138026"}],"curies":[{"name":"wp","href":"https:\/\/api.w.org\/{rel}","templated":true}]}}