{"id":138023,"date":"2023-11-22T18:42:08","date_gmt":"2023-11-22T21:42:08","guid":{"rendered":"https:\/\/centraldeportes.com.ar\/?p=45357"},"modified":"2025-02-12T23:13:01","modified_gmt":"2025-02-13T02:13:01","slug":"la-pista-humberto-angel-corradi-tuvo-carreras-en-dos-dias","status":"publish","type":"post","link":"https:\/\/cdnoticias.com\/index.php\/2023\/11\/22\/la-pista-humberto-angel-corradi-tuvo-carreras-en-dos-dias\/","title":{"rendered":"La pista \u201cHumberto \u00c1ngel Corradi\u201d tuvo carreras en dos d\u00edas"},"content":{"rendered":"<p>Nuevamente hubo dos d\u00edas de actividad en la pista \u201cHumberto \u00c1ngel Corradi\u201d y se repartieron la organizaci\u00f3n la la Uni\u00f3n de Ciclistas Olavarrienses y la agrupaci\u00f3n Ciclismo Olavarriense Libre.<!--more--><\/p>\n<hr \/>\n<p>Hasta la Ciudad llegaron ciclistas locales y de la Regi\u00f3n y se sumaron m\u00e1s de 300 a las propuestas de los dos equipos de trabajo.<\/p>\n<p>&nbsp;<\/p>\n<p>El s\u00e1bado, fue turno de que la agrupaci\u00f3n Ciclismo Olavarriense Libre sea la anfitriona y all\u00ed las victorias en las categor\u00edas \u00c9lite fueron para Nehu\u00e9n Erripa y Charo Posse.<\/p>\n<p>&nbsp;<\/p>\n<p>Ya en la jornada del pasado lunes, la Uni\u00f3n de Ciclistas Olavarrienses organiz\u00f3 la actividad a pesar del viento del d\u00eda y ante un buen marco de espectadores tuvo una extensa programaci\u00f3n.<\/p>\n<p>&nbsp;<\/p>\n<p>En ambos casos, hubo diferentes categor\u00edas y premios para los mejores en cada divisional.<\/p>\n<p>&nbsp;<\/p>\n<p>[soliloquy id=&#8221;45333&#8243;]<\/p>\n<p>&nbsp;<\/p>\n<p>En Infantiles, aprovechando el lunes feriado compitieron Laureano Haag, Ashly Valderrey, Jano Marcos, Thiago Haag, Rom\u00e1n Vales, Lola Castro, Joel Rollhaiser, Orina Ponte, Dylan L\u00f3pez, Federico Garc\u00eda.<\/p>\n<p>&nbsp;<\/p>\n<p>Los resultados de UCO:<\/p>\n<p>Libre<br \/>\n1\u00b0 Emilio Spinella (Olavarr\u00eda)<br \/>\n2\u00b0 Nehu\u00e9n Erripa (Olavarr\u00eda)<br \/>\n3\u00b0Jorge Cejas(Olavarr\u00eda)<br \/>\n4\u00b0Marcelo Cardoso (Bah\u00eda Blanca)<br \/>\n5\u00b0Fernando Vignau (Azul)<br \/>\n6\u00b0Mariano Erripa(Olavarr\u00eda)<br \/>\n7\u00b0 Theo Sequira(Olavarr\u00eda)<br \/>\n8\u00b0 Federico G\u00f3mez (Olavarr\u00eda)<\/p>\n<p>M\u00e1ster C<br \/>\n1\u00b0Oscar Valetutto (Olavarr\u00eda)<br \/>\n2\u00b0Rafael Erripa (Olavarr\u00eda)<br \/>\n3\u00b0Walters Benito(Olavarr\u00eda)<br \/>\n4\u00b0Miguel Barzola(Olavarr\u00eda)<br \/>\n5\u00b0Hernan Azimonti (Azul)<\/p>\n<p>Damas<br \/>\n1\u00b0 Lucrecia Hern\u00e1ndez (Olavarr\u00eda)<br \/>\n2\u00b0 Charo Posse (Olavarr\u00eda)<br \/>\n3\u00b0 Lorena Vega(Olavarr\u00eda)<br \/>\n4\u00b0Selva Pagano (Rauch)<br \/>\n5\u00b0 Cielo Randazo (Olavarr\u00eda)<\/p>\n<p>Damas Junior<br \/>\n1\u00b0 Charo Posse (Olavarr\u00eda)<br \/>\n2\u00b0 Cielo Randazzo (Olavarr\u00eda)<br \/>\n3\u00b0 Sol M\u00e1rquez (Azul)<br \/>\n4\u00b0 Milena Ju\u00e1rez (Azul)<\/p>\n<p>Mayores de 40<br \/>\n1\u00b0Adian Ricardo (Cachari)<br \/>\n2\u00b0Juan Carlos Ocanto (Azul)<br \/>\n3\u00b0 Alejandro Garc\u00eda (Olavarr\u00eda)<br \/>\n4\u00b0Leandro Dastugue(Olavarr\u00eda)<br \/>\n5\u00b0 Gast\u00f3n Romero (Sierra de la Ventana)<\/p>\n<p>Menores de 40<br \/>\n1\u00b0 Cristian Silva (Punta Alta)<br \/>\n2\u00b0Claudio D\u00eda (Olavarr\u00eda)<br \/>\n3\u00b0Hugo Trumpio (Olavarr\u00eda)<br \/>\n4\u00b0Elias P\u00e9rez (Azul)<br \/>\n5\u00b0 Francisco Carruccio (Azul)<\/p>\n<p>Juveniles<br \/>\n1\u00b0 Adri\u00e1n Castro (Olavarr\u00eda)<br \/>\n2\u00b0 Santiago Erripa (Olavarr\u00eda)<br \/>\n3\u00b0 Bautista Sequeira (Olavarr\u00eda)<br \/>\n4\u00b0 Isa\u00edas Silva(Azul)<\/p>\n<p>M\u00e1ster D<br \/>\n1\u00b0 Francisco Posse (Olavarr\u00eda)<br \/>\n2\u00b0 Hugo Santill\u00e1n (Azul)<br \/>\n3\u00b0 Juan D&#8217;Amico (Carlos Casares)<br \/>\n4\u00b0 Oscar Cisneros (Olavarr\u00eda)<br \/>\n5\u00b0Omar Hern\u00e1ndez (Olavarr\u00eda)<\/p>\n<p>M\u00e1ster E<br \/>\n1\u00b0 Juan D&#8217;Amico (Carlos Casares)<\/p>\n<p>Debutantes<br \/>\n1\u00b0 Rodolfo Campos (Olavarr\u00eda)<br \/>\n2\u00b0Joaquin Garc\u00eda (Tapalqu\u00e9)<br \/>\n3\u00b0Mat\u00edas Meded (Tres Arroyos)<br \/>\n4\u00b0Firu Soragni (Olavarr\u00eda)<br \/>\n5\u00b0 Diego Ramallo (Sierras Bayas)<\/p>\n","protected":false},"excerpt":{"rendered":"<p>Nuevamente hubo dos d\u00edas de actividad en la pista \u201cHumberto \u00c1ngel Corradi\u201d y se repartieron la organizaci\u00f3n la la Uni\u00f3n<\/p>\n","protected":false},"author":96739694,"featured_media":158802,"comment_status":"closed","ping_status":"closed","sticky":false,"template":"","format":"standard","meta":{"_jetpack_memberships_contains_paid_content":false,"footnotes":""},"categories":[30,1],"tags":[],"class_list":["post-138023","post","type-post","status-publish","format-standard","has-post-thumbnail","hentry","category-polideportivo","category-portada"],"jetpack_featured_media_url":"https:\/\/i0.wp.com\/cdnoticias.com\/wp-content\/uploads\/2023\/11\/ciclismo-8.jpg?fit=1280%2C853&ssl=1","jetpack_sharing_enabled":true,"_links":{"self":[{"href":"https:\/\/cdnoticias.com\/index.php\/wp-json\/wp\/v2\/posts\/138023","targetHints":{"allow":["GET"]}}],"collection":[{"href":"https:\/\/cdnoticias.com\/index.php\/wp-json\/wp\/v2\/posts"}],"about":[{"href":"https:\/\/cdnoticias.com\/index.php\/wp-json\/wp\/v2\/types\/post"}],"author":[{"embeddable":true,"href":"https:\/\/cdnoticias.com\/index.php\/wp-json\/wp\/v2\/users\/96739694"}],"replies":[{"embeddable":true,"href":"https:\/\/cdnoticias.com\/index.php\/wp-json\/wp\/v2\/comments?post=138023"}],"version-history":[{"count":0,"href":"https:\/\/cdnoticias.com\/index.php\/wp-json\/wp\/v2\/posts\/138023\/revisions"}],"wp:featuredmedia":[{"embeddable":true,"href":"https:\/\/cdnoticias.com\/index.php\/wp-json\/wp\/v2\/media\/158802"}],"wp:attachment":[{"href":"https:\/\/cdnoticias.com\/index.php\/wp-json\/wp\/v2\/media?parent=138023"}],"wp:term":[{"taxonomy":"category","embeddable":true,"href":"https:\/\/cdnoticias.com\/index.php\/wp-json\/wp\/v2\/categories?post=138023"},{"taxonomy":"post_tag","embeddable":true,"href":"https:\/\/cdnoticias.com\/index.php\/wp-json\/wp\/v2\/tags?post=138023"}],"curies":[{"name":"wp","href":"https:\/\/api.w.org\/{rel}","templated":true}]}}