{"id":13802,"date":"2021-02-15T13:09:24","date_gmt":"2021-02-15T16:09:24","guid":{"rendered":"http:\/\/www.centraldenoticias.com.ar\/?p=13802"},"modified":"2021-02-15T13:09:24","modified_gmt":"2021-02-15T16:09:24","slug":"el-exceso-de-mortalidad-en-la-provincia-fue-de-12-en-2020","status":"publish","type":"post","link":"https:\/\/cdnoticias.com\/index.php\/2021\/02\/15\/el-exceso-de-mortalidad-en-la-provincia-fue-de-12-en-2020\/","title":{"rendered":"El exceso de mortalidad en la Provincia fue de 12% en 2020"},"content":{"rendered":"<p>A causa del coronavirus. La Gobernaci\u00f3n indic\u00f3 que fue similar al de pa\u00edses como Austria o Suiza, y menor al de Inglaterra, Chile o Espa\u00f1a. La cuarentena estricta y que nadie haya quedado sin cama fue decisivo para morigerar el impacto.<!--more--><\/p>\n<hr \/>\n<p>El Ministerio de Salud bonaerense dio a conocer el resultado del <strong>\u201cexceso de mortalidad\u201d del a\u00f1o 2020 en la Provincia de Buenos Aires<\/strong>.<\/p>\n<p>Fue <strong>generado por el coronavirus<\/strong> y <strong>alcanz\u00f3 a un 12% en comparaci\u00f3n con los decesos anuales considerados \u201cesperables\u201d<\/strong>, es decir, si no hubiera existido una pandemia.<\/p>\n<p>\u201cDe acuerdo con este indicador, que ya utilizan numerosos pa\u00edses, <strong>en territorio bonaerense se produjo un exceso menor a pa\u00edses como Chile, Espa\u00f1a o Estados Unidos y similar al de Escocia, Suiza, Pa\u00edses Bajos, Austria y Francia<\/strong>\u201d se destac\u00f3 desde la Gobernaci\u00f3n.<\/p>\n<blockquote><p>En concreto, el promedio hist\u00f3rico de los \u00faltimos a\u00f1os era de 129.982 muertes anuales y el a\u00f1o pasado, empujados casi exclusivamente por la pandemia, los decesos alcanzaron los 145.610, un 12% m\u00e1s.<\/p><\/blockquote>\n<p><img data-recalc-dims=\"1\" loading=\"lazy\" decoding=\"async\" class=\"aligncenter wp-image-13806 size-full\" src=\"https:\/\/i0.wp.com\/cdnoticias.com\/wp-content\/uploads\/2021\/02\/COVID-exceso-de-mortalidad-1.jpeg?resize=700%2C394&#038;ssl=1\" alt=\"\" width=\"700\" height=\"394\" srcset=\"https:\/\/i0.wp.com\/cdnoticias.com\/wp-content\/uploads\/2021\/02\/COVID-exceso-de-mortalidad-1.jpeg?w=700&amp;ssl=1 700w, https:\/\/i0.wp.com\/cdnoticias.com\/wp-content\/uploads\/2021\/02\/COVID-exceso-de-mortalidad-1.jpeg?resize=300%2C169&amp;ssl=1 300w\" sizes=\"auto, (max-width: 700px) 100vw, 700px\" \/><\/p>\n<p>\u201c<strong>Se construy\u00f3 un indicador en base a la digitalizaci\u00f3n (de los registros)<\/strong> que le permite a la Provincia de Buenos Aires tener hoy, a poco m\u00e1s de 35 d\u00edas de terminado el a\u00f1o, un dato que nos posibilita compararnos con el resto del mundo y de Latinoam\u00e9rica\u201d, explic\u00f3 el ministro de Salud bonaerense Daniel Gollan, en una conferencia de prensa que ofreci\u00f3 desde Miramar junto al gobernador Axel Kicillof y otros miembros del gabinete.<\/p>\n<p>Normalmente, la provincia de Buenos Aires como las dem\u00e1s jurisdicciones del pa\u00eds, reci\u00e9n tienen los datos de mortalidad anual a mediados del a\u00f1o siguiente. Pero, en esta oportunidad, despu\u00e9s de 35 d\u00edas de terminado el 2020 \u201cpodemos mostrar las<strong> primeras estad\u00edsticas de mortalidad<\/strong> porque logramos digitalizar nuestro sistema de informaci\u00f3n, tanto de las actas de defunci\u00f3n como del sistema de gesti\u00f3n de camas \u00fanico en el pa\u00eds, que incorpor\u00f3 al sector privado y al Sistema Nacional de Vigilancia en Salud\u201d, explic\u00f3 Gollan.<\/p>\n<p>En comparaci\u00f3n con pa\u00edses latinoamericanos, el titular de la cartera sanitaria dijo que la Provincia presenta, proporcionalmente, un exceso de mortalidad equivalente a la mitad del que registra Brasil y del 35% en comparaci\u00f3n con el de M\u00e9xico: \u201cEstos datos son fehacientes y demostrativos de que hicimos las cosas bien, <strong>no le falt\u00f3 a nadie una cama<\/strong> y pudimos desarrollar un sistema de registro al mismo nivel que los pa\u00edses m\u00e1s desarrollados y creo que esto es muy valorable\u201d, enfatiz\u00f3 Gollan.<\/p>\n<p><img data-recalc-dims=\"1\" loading=\"lazy\" decoding=\"async\" class=\"aligncenter wp-image-13804 size-full\" src=\"https:\/\/i0.wp.com\/cdnoticias.com\/wp-content\/uploads\/2021\/02\/COVID-exceso-de-mortalidad-2.jpeg?resize=650%2C366&#038;ssl=1\" alt=\"\" width=\"650\" height=\"366\" srcset=\"https:\/\/i0.wp.com\/cdnoticias.com\/wp-content\/uploads\/2021\/02\/COVID-exceso-de-mortalidad-2.jpeg?w=650&amp;ssl=1 650w, https:\/\/i0.wp.com\/cdnoticias.com\/wp-content\/uploads\/2021\/02\/COVID-exceso-de-mortalidad-2.jpeg?resize=300%2C169&amp;ssl=1 300w\" sizes=\"auto, (max-width: 650px) 100vw, 650px\" \/><\/p>\n<p>Los registros de la cartera sanitaria bonaerense revelan que hasta junio del a\u00f1o pasado las muertes en general se mantuvieron en una cifra similar a la de los cinco a\u00f1os anteriores y reci\u00e9n <strong>comenz\u00f3 a registrarse un \u201cexceso\u201d a partir del mes de julio<\/strong>. \u201cEsto muestra que el tiempo de cuarentena estricta fue \u00fatil para reducir las muertes, no s\u00f3lo por Covid-19 sino por otras causas, por ejemplo por accidentes de tr\u00e1nsito y otras enfermedades respiratorias como la gripe\u201d, detall\u00f3 Enio Garc\u00eda, jefe de asesores del ministro Gollan.<\/p>\n<p><strong>M\u00e1s muertes en sistemas colapsados<\/strong><\/p>\n<p>El exceso de mortalidad fue mucho mayor <strong>en pa\u00edses donde el sistema de salud no dio abasto<\/strong>, como Per\u00fa, Espa\u00f1a o Estados Unidos: \u201cCuando el sistema de salud colapsa se registran m\u00e1s muertes porque hay mucha gente que queda sin cama de internaci\u00f3n, donde eso ocurri\u00f3 creci\u00f3 la mortalidad por COVID y por otras causas, en cambio, en nuestro sistema de salud, donde nadie se qued\u00f3 afuera, el exceso se explica casi exclusivamente por COVID-19\u201d.<\/p>\n<p><img data-recalc-dims=\"1\" loading=\"lazy\" decoding=\"async\" class=\"aligncenter wp-image-9008\" src=\"https:\/\/i0.wp.com\/cdnoticias.com\/wp-content\/uploads\/2020\/12\/conferencia-gollan-800x445.jpg?resize=650%2C362&#038;ssl=1\" alt=\"\" width=\"650\" height=\"362\" srcset=\"https:\/\/i0.wp.com\/cdnoticias.com\/wp-content\/uploads\/2020\/12\/conferencia-gollan-800x445.jpg?resize=300%2C167&amp;ssl=1 300w, https:\/\/i0.wp.com\/cdnoticias.com\/wp-content\/uploads\/2020\/12\/conferencia-gollan-800x445.jpg?resize=768%2C427&amp;ssl=1 768w, https:\/\/i0.wp.com\/cdnoticias.com\/wp-content\/uploads\/2020\/12\/conferencia-gollan-800x445.jpg?resize=800%2C445&amp;ssl=1 800w, https:\/\/i0.wp.com\/cdnoticias.com\/wp-content\/uploads\/2020\/12\/conferencia-gollan-800x445.jpg?w=992&amp;ssl=1 992w\" sizes=\"auto, (max-width: 650px) 100vw, 650px\" \/><\/p>\n<p>Este indicador surgi\u00f3 de <strong>una f\u00f3rmula que se usa mundialmente<\/strong> para poder calcular con objetividad qu\u00e9 es lo que sucede en una pandemia de estas caracter\u00edsticas en distintas poblaciones.<\/p>\n<p>Seg\u00fan explic\u00f3 Gollan, &#8220;<strong>es m\u00e1s confiable<\/strong> que el de cantidad de casos confirmados y que otras mediciones que suelen ser desparejas y desiguales entre distritos&#8221;.<\/p>\n","protected":false},"excerpt":{"rendered":"<p>A causa del coronavirus. La Gobernaci\u00f3n indic\u00f3 que fue similar al de pa\u00edses como Austria o Suiza, y menor al<\/p>\n","protected":false},"author":4,"featured_media":13805,"comment_status":"closed","ping_status":"closed","sticky":false,"template":"","format":"standard","meta":{"_jetpack_memberships_contains_paid_content":false,"footnotes":""},"categories":[6,1],"tags":[],"class_list":["post-13802","post","type-post","status-publish","format-standard","has-post-thumbnail","hentry","category-nacionales","category-portada"],"jetpack_featured_media_url":"https:\/\/i0.wp.com\/cdnoticias.com\/wp-content\/uploads\/2021\/02\/COVID-exceso-de-mortalidad.jpg?fit=800%2C446&ssl=1","jetpack_sharing_enabled":true,"_links":{"self":[{"href":"https:\/\/cdnoticias.com\/index.php\/wp-json\/wp\/v2\/posts\/13802","targetHints":{"allow":["GET"]}}],"collection":[{"href":"https:\/\/cdnoticias.com\/index.php\/wp-json\/wp\/v2\/posts"}],"about":[{"href":"https:\/\/cdnoticias.com\/index.php\/wp-json\/wp\/v2\/types\/post"}],"author":[{"embeddable":true,"href":"https:\/\/cdnoticias.com\/index.php\/wp-json\/wp\/v2\/users\/4"}],"replies":[{"embeddable":true,"href":"https:\/\/cdnoticias.com\/index.php\/wp-json\/wp\/v2\/comments?post=13802"}],"version-history":[{"count":0,"href":"https:\/\/cdnoticias.com\/index.php\/wp-json\/wp\/v2\/posts\/13802\/revisions"}],"wp:featuredmedia":[{"embeddable":true,"href":"https:\/\/cdnoticias.com\/index.php\/wp-json\/wp\/v2\/media\/13805"}],"wp:attachment":[{"href":"https:\/\/cdnoticias.com\/index.php\/wp-json\/wp\/v2\/media?parent=13802"}],"wp:term":[{"taxonomy":"category","embeddable":true,"href":"https:\/\/cdnoticias.com\/index.php\/wp-json\/wp\/v2\/categories?post=13802"},{"taxonomy":"post_tag","embeddable":true,"href":"https:\/\/cdnoticias.com\/index.php\/wp-json\/wp\/v2\/tags?post=13802"}],"curies":[{"name":"wp","href":"https:\/\/api.w.org\/{rel}","templated":true}]}}